{"id":75,"date":"2017-01-24T08:53:26","date_gmt":"2017-01-24T07:53:26","guid":{"rendered":"https:\/\/www.senetic.es\/blog\/wp\/?p=75"},"modified":"2017-01-24T08:53:26","modified_gmt":"2017-01-24T07:53:26","slug":"ubiquiti-fabricante-del-ano","status":"publish","type":"post","link":"https:\/\/www.senetic.es\/blog\/75,ubiquiti-fabricante-del-ano\/","title":{"rendered":"Ubiquiti fabricante del a\u00f1o"},"content":{"rendered":"<p style=\"text-align: justify;\"><img fetchpriority=\"high\" decoding=\"async\" class=\"alignleft size-medium wp-image-76\" src=\"https:\/\/www.senetic.es\/blog\/app\/uploads\/2017\/01\/Ubnt-Wispapalozza-2016-1-300x208.jpg\" alt=\"ubnt-wispapalozza-2016-1\" width=\"300\" height=\"208\" srcset=\"https:\/\/www.senetic.es\/blog\/app\/uploads\/2017\/01\/Ubnt-Wispapalozza-2016-1-300x208.jpg 300w, https:\/\/www.senetic.es\/blog\/app\/uploads\/2017\/01\/Ubnt-Wispapalozza-2016-1-150x104.jpg 150w, https:\/\/www.senetic.es\/blog\/app\/uploads\/2017\/01\/Ubnt-Wispapalozza-2016-1-450x312.jpg 450w, https:\/\/www.senetic.es\/blog\/app\/uploads\/2017\/01\/Ubnt-Wispapalozza-2016-1-768x533.jpg 768w, https:\/\/www.senetic.es\/blog\/app\/uploads\/2017\/01\/Ubnt-Wispapalozza-2016-1-1024x710.jpg 1024w, https:\/\/www.senetic.es\/blog\/app\/uploads\/2017\/01\/Ubnt-Wispapalozza-2016-1.jpg 1061w\" sizes=\"(max-width: 300px) 100vw, 300px\" \/>La edici\u00f3n de este a\u00f1o de la conferencia dedicada a la conexi\u00f3n inal\u00e1mbrica <strong>Wispapalooza<\/strong> ha resultado ser excepcionalmente fruct\u00edfera para <strong>Ubiquiti<\/strong>. La empresa ha recibido el prestigioso t\u00edtulo de fabricante del a\u00f1o, galard\u00f3n que confirma lo acertado de su pol\u00edtica de desarrollo.<!--more--><\/p>\n<p style=\"text-align: justify;\">Organizada por la asociaci\u00f3n WISPA (Wireless Internet Service Providers Association)\u00a0<strong>Wispapalooza<\/strong> re\u00fane cada a\u00f1o a empresas especializadas en el sector de la conexi\u00f3n inal\u00e1mbrica, de la fibra \u00f3ptica, software, nubes o tecnolog\u00eda VoIP. Es una excelente ocasi\u00f3n para conocer las nuevas tendencias y observar las actividades de la competencia. Esta reuni\u00f3n es un valioso indicador que muestra la direcci\u00f3n del desarrollo del sector de las nuevas tecnolog\u00edas, tanto desde el punto de vista t\u00e9cnico como empresarial.<\/p>\n<h2 style=\"text-align: justify;\">Un t\u00edtulo totalmente merecido<\/h2>\n<p style=\"text-align: justify;\">La distinci\u00f3n obtenida por <strong>Ubiquiti<\/strong> en este concurso no es ninguna sorpresa. El nivel de las soluciones ofertadas y la coherencia con la que distribuye tecnolog\u00eda cada vez m\u00e1s moderna es la especialidad de la empresa, tal y como lo demuestra su creciente popularidad. El evento fue una excelente ocasi\u00f3n para la presentaci\u00f3n de las novedades, que aparecer\u00e1n en el mercado en el 2017.<\/p>\n<h2 style=\"text-align: justify;\">Anuncios para el 2017<\/h2>\n<p style=\"text-align: justify;\">Entre las nuevas soluciones podemos encontrar el pr\u00f3ximo buque insignia de la serie\u00a0<strong>UniFi<\/strong>\u00a0\u2013 UAP AC HD, dos modelos de switches UniFi \u2013 US-8-60W i US-8, el ultramoderno sistema off-grid SolarBeam para WISP, AirFiber 5 LTU, GPON OLT y ONT. Los seguidores de la marca estar\u00e1n muy impacientes ante la aparici\u00f3n de estos dispositivos en el mercado. El fabricante ha anunciado que en breve proporcionar\u00e1 m\u00e1s detalles sobre este tema.<\/p>\n<h2 style=\"text-align: justify;\">Soporte de profesionales<\/h2>\n<p style=\"text-align: justify;\">Encontrar\u00e1s la oferta completa de soluciones Ubiquiti en <a href=\"https:\/\/www.senetic.es\/\">senetic.es<\/a>. Le animamos a conocer mejor cada uno de sus productos y a contactar con nuestros especialistas certificados a trav\u00e9s del n\u00famero de tel\u00e9fono +34 917 942 540 o de la direcci\u00f3n de e-mail networking@senetic.es.<\/p>\n","protected":false},"excerpt":{"rendered":"<p>La edici\u00f3n de este a\u00f1o de la conferencia dedicada a la conexi\u00f3n inal\u00e1mbrica Wispapalooza ha resultado ser excepcionalmente fruct\u00edfera para Ubiquiti. La empresa ha recibido el prestigioso t\u00edtulo de fabricante del a\u00f1o, galard\u00f3n que confirma lo acertado de su pol\u00edtica de desarrollo.<\/p>\n","protected":false},"author":2,"featured_media":76,"comment_status":"open","ping_status":"open","sticky":false,"template":"","format":"standard","meta":{"footnotes":""},"categories":[15],"tags":[],"class_list":{"0":"post-75","1":"post","2":"type-post","3":"status-publish","4":"format-standard","5":"has-post-thumbnail","7":"category-redes-e-infraestructura"},"yoast_head":"<!-- This site is optimized with the Yoast SEO plugin v27.3 - https:\/\/yoast.com\/product\/yoast-seo-wordpress\/ -->\n<title>Ubiquiti fabricante del a\u00f1o - Senetic Blog IT - Microsoft, Office 365, Azure, Ubiquiti, MikroTik<\/title>\n<meta name=\"robots\" content=\"index, follow, max-snippet:-1, max-image-preview:large, max-video-preview:-1\" \/>\n<link rel=\"canonical\" href=\"https:\/\/www.senetic.es\/blog\/75,ubiquiti-fabricante-del-ano\/\" \/>\n<meta property=\"og:locale\" content=\"es_ES\" \/>\n<meta property=\"og:type\" content=\"article\" \/>\n<meta property=\"og:title\" content=\"Ubiquiti fabricante del a\u00f1o - Senetic Blog IT - Microsoft, Office 365, Azure, Ubiquiti, MikroTik\" \/>\n<meta property=\"og:description\" content=\"La edici\u00f3n de este a\u00f1o de la conferencia dedicada a la conexi\u00f3n inal\u00e1mbrica Wispapalooza ha resultado ser excepcionalmente fruct\u00edfera para Ubiquiti. La empresa ha recibido el prestigioso t\u00edtulo de fabricante del a\u00f1o, galard\u00f3n que confirma lo acertado de su pol\u00edtica de desarrollo.\" \/>\n<meta property=\"og:url\" content=\"https:\/\/www.senetic.es\/blog\/75,ubiquiti-fabricante-del-ano\/\" \/>\n<meta property=\"og:site_name\" content=\"Senetic Blog IT - Microsoft, Office 365, Azure, Ubiquiti, MikroTik\" \/>\n<meta property=\"article:published_time\" content=\"2017-01-24T07:53:26+00:00\" \/>\n<meta property=\"og:image\" content=\"https:\/\/www.senetic.es\/blog\/app\/uploads\/2017\/01\/Ubnt-Wispapalozza-2016-1.jpg\" \/>\n\t<meta property=\"og:image:width\" content=\"1061\" \/>\n\t<meta property=\"og:image:height\" content=\"736\" \/>\n\t<meta property=\"og:image:type\" content=\"image\/jpeg\" \/>\n<meta name=\"author\" content=\"Patryk\" \/>\n<meta name=\"twitter:card\" content=\"summary_large_image\" \/>\n<meta name=\"twitter:label1\" content=\"Written by\" \/>\n\t<meta name=\"twitter:data1\" content=\"Patryk\" \/>\n\t<meta name=\"twitter:label2\" content=\"Est. reading time\" \/>\n\t<meta name=\"twitter:data2\" content=\"2 minutes\" \/>\n<script type=\"application\/ld+json\" class=\"yoast-schema-graph\">{\"@context\":\"https:\\\/\\\/schema.org\",\"@graph\":[{\"@type\":\"Article\",\"@id\":\"https:\\\/\\\/www.senetic.es\\\/blog\\\/75,ubiquiti-fabricante-del-ano\\\/#article\",\"isPartOf\":{\"@id\":\"https:\\\/\\\/www.senetic.es\\\/blog\\\/75,ubiquiti-fabricante-del-ano\\\/\"},\"author\":{\"name\":\"Patryk\",\"@id\":\"https:\\\/\\\/www.senetic.es\\\/blog\\\/#\\\/schema\\\/person\\\/a34535a805a54175e018754216252c63\"},\"headline\":\"Ubiquiti fabricante del a\u00f1o\",\"datePublished\":\"2017-01-24T07:53:26+00:00\",\"mainEntityOfPage\":{\"@id\":\"https:\\\/\\\/www.senetic.es\\\/blog\\\/75,ubiquiti-fabricante-del-ano\\\/\"},\"wordCount\":344,\"commentCount\":0,\"image\":{\"@id\":\"https:\\\/\\\/www.senetic.es\\\/blog\\\/75,ubiquiti-fabricante-del-ano\\\/#primaryimage\"},\"thumbnailUrl\":\"https:\\\/\\\/www.senetic.es\\\/blog\\\/app\\\/uploads\\\/2017\\\/01\\\/Ubnt-Wispapalozza-2016-1.jpg\",\"articleSection\":[\"Redes e infraestructura\"],\"inLanguage\":\"es-ES\",\"potentialAction\":[{\"@type\":\"CommentAction\",\"name\":\"Comment\",\"target\":[\"https:\\\/\\\/www.senetic.es\\\/blog\\\/75,ubiquiti-fabricante-del-ano\\\/#respond\"]}]},{\"@type\":\"WebPage\",\"@id\":\"https:\\\/\\\/www.senetic.es\\\/blog\\\/75,ubiquiti-fabricante-del-ano\\\/\",\"url\":\"https:\\\/\\\/www.senetic.es\\\/blog\\\/75,ubiquiti-fabricante-del-ano\\\/\",\"name\":\"Ubiquiti fabricante del a\u00f1o - Senetic Blog IT - Microsoft, Office 365, Azure, Ubiquiti, MikroTik\",\"isPartOf\":{\"@id\":\"https:\\\/\\\/www.senetic.es\\\/blog\\\/#website\"},\"primaryImageOfPage\":{\"@id\":\"https:\\\/\\\/www.senetic.es\\\/blog\\\/75,ubiquiti-fabricante-del-ano\\\/#primaryimage\"},\"image\":{\"@id\":\"https:\\\/\\\/www.senetic.es\\\/blog\\\/75,ubiquiti-fabricante-del-ano\\\/#primaryimage\"},\"thumbnailUrl\":\"https:\\\/\\\/www.senetic.es\\\/blog\\\/app\\\/uploads\\\/2017\\\/01\\\/Ubnt-Wispapalozza-2016-1.jpg\",\"datePublished\":\"2017-01-24T07:53:26+00:00\",\"author\":{\"@id\":\"https:\\\/\\\/www.senetic.es\\\/blog\\\/#\\\/schema\\\/person\\\/a34535a805a54175e018754216252c63\"},\"inLanguage\":\"es-ES\",\"potentialAction\":[{\"@type\":\"ReadAction\",\"target\":[\"https:\\\/\\\/www.senetic.es\\\/blog\\\/75,ubiquiti-fabricante-del-ano\\\/\"]}]},{\"@type\":\"ImageObject\",\"inLanguage\":\"es-ES\",\"@id\":\"https:\\\/\\\/www.senetic.es\\\/blog\\\/75,ubiquiti-fabricante-del-ano\\\/#primaryimage\",\"url\":\"https:\\\/\\\/www.senetic.es\\\/blog\\\/app\\\/uploads\\\/2017\\\/01\\\/Ubnt-Wispapalozza-2016-1.jpg\",\"contentUrl\":\"https:\\\/\\\/www.senetic.es\\\/blog\\\/app\\\/uploads\\\/2017\\\/01\\\/Ubnt-Wispapalozza-2016-1.jpg\",\"width\":1061,\"height\":736},{\"@type\":\"WebSite\",\"@id\":\"https:\\\/\\\/www.senetic.es\\\/blog\\\/#website\",\"url\":\"https:\\\/\\\/www.senetic.es\\\/blog\\\/\",\"name\":\"Senetic Blog IT - Microsoft, Office 365, Azure, Ubiquiti, MikroTik\",\"description\":\"\",\"potentialAction\":[{\"@type\":\"SearchAction\",\"target\":{\"@type\":\"EntryPoint\",\"urlTemplate\":\"https:\\\/\\\/www.senetic.es\\\/blog\\\/?s={search_term_string}\"},\"query-input\":{\"@type\":\"PropertyValueSpecification\",\"valueRequired\":true,\"valueName\":\"search_term_string\"}}],\"inLanguage\":\"es-ES\"},{\"@type\":\"Person\",\"@id\":\"https:\\\/\\\/www.senetic.es\\\/blog\\\/#\\\/schema\\\/person\\\/a34535a805a54175e018754216252c63\",\"name\":\"Patryk\",\"image\":{\"@type\":\"ImageObject\",\"inLanguage\":\"es-ES\",\"@id\":\"https:\\\/\\\/secure.gravatar.com\\\/avatar\\\/e45e46277618296a4d9bcafbaa8878639f3905a9a7a84e37de2cbe8ef5226ba4?s=96&d=mm&r=g\",\"url\":\"https:\\\/\\\/secure.gravatar.com\\\/avatar\\\/e45e46277618296a4d9bcafbaa8878639f3905a9a7a84e37de2cbe8ef5226ba4?s=96&d=mm&r=g\",\"contentUrl\":\"https:\\\/\\\/secure.gravatar.com\\\/avatar\\\/e45e46277618296a4d9bcafbaa8878639f3905a9a7a84e37de2cbe8ef5226ba4?s=96&d=mm&r=g\",\"caption\":\"Patryk\"},\"url\":\"https:\\\/\\\/www.senetic.es\\\/blog\\\/author\\\/pkujawa\\\/\"}]}<\/script>\n<!-- \/ Yoast SEO plugin. -->","yoast_head_json":{"title":"Ubiquiti fabricante del a\u00f1o - Senetic Blog IT - Microsoft, Office 365, Azure, Ubiquiti, MikroTik","robots":{"index":"index","follow":"follow","max-snippet":"max-snippet:-1","max-image-preview":"max-image-preview:large","max-video-preview":"max-video-preview:-1"},"canonical":"https:\/\/www.senetic.es\/blog\/75,ubiquiti-fabricante-del-ano\/","og_locale":"es_ES","og_type":"article","og_title":"Ubiquiti fabricante del a\u00f1o - Senetic Blog IT - Microsoft, Office 365, Azure, Ubiquiti, MikroTik","og_description":"La edici\u00f3n de este a\u00f1o de la conferencia dedicada a la conexi\u00f3n inal\u00e1mbrica Wispapalooza ha resultado ser excepcionalmente fruct\u00edfera para Ubiquiti. La empresa ha recibido el prestigioso t\u00edtulo de fabricante del a\u00f1o, galard\u00f3n que confirma lo acertado de su pol\u00edtica de desarrollo.","og_url":"https:\/\/www.senetic.es\/blog\/75,ubiquiti-fabricante-del-ano\/","og_site_name":"Senetic Blog IT - Microsoft, Office 365, Azure, Ubiquiti, MikroTik","article_published_time":"2017-01-24T07:53:26+00:00","og_image":[{"width":1061,"height":736,"url":"https:\/\/www.senetic.es\/blog\/app\/uploads\/2017\/01\/Ubnt-Wispapalozza-2016-1.jpg","type":"image\/jpeg"}],"author":"Patryk","twitter_card":"summary_large_image","twitter_misc":{"Written by":"Patryk","Est. reading time":"2 minutes"},"schema":{"@context":"https:\/\/schema.org","@graph":[{"@type":"Article","@id":"https:\/\/www.senetic.es\/blog\/75,ubiquiti-fabricante-del-ano\/#article","isPartOf":{"@id":"https:\/\/www.senetic.es\/blog\/75,ubiquiti-fabricante-del-ano\/"},"author":{"name":"Patryk","@id":"https:\/\/www.senetic.es\/blog\/#\/schema\/person\/a34535a805a54175e018754216252c63"},"headline":"Ubiquiti fabricante del a\u00f1o","datePublished":"2017-01-24T07:53:26+00:00","mainEntityOfPage":{"@id":"https:\/\/www.senetic.es\/blog\/75,ubiquiti-fabricante-del-ano\/"},"wordCount":344,"commentCount":0,"image":{"@id":"https:\/\/www.senetic.es\/blog\/75,ubiquiti-fabricante-del-ano\/#primaryimage"},"thumbnailUrl":"https:\/\/www.senetic.es\/blog\/app\/uploads\/2017\/01\/Ubnt-Wispapalozza-2016-1.jpg","articleSection":["Redes e infraestructura"],"inLanguage":"es-ES","potentialAction":[{"@type":"CommentAction","name":"Comment","target":["https:\/\/www.senetic.es\/blog\/75,ubiquiti-fabricante-del-ano\/#respond"]}]},{"@type":"WebPage","@id":"https:\/\/www.senetic.es\/blog\/75,ubiquiti-fabricante-del-ano\/","url":"https:\/\/www.senetic.es\/blog\/75,ubiquiti-fabricante-del-ano\/","name":"Ubiquiti fabricante del a\u00f1o - Senetic Blog IT - Microsoft, Office 365, Azure, Ubiquiti, MikroTik","isPartOf":{"@id":"https:\/\/www.senetic.es\/blog\/#website"},"primaryImageOfPage":{"@id":"https:\/\/www.senetic.es\/blog\/75,ubiquiti-fabricante-del-ano\/#primaryimage"},"image":{"@id":"https:\/\/www.senetic.es\/blog\/75,ubiquiti-fabricante-del-ano\/#primaryimage"},"thumbnailUrl":"https:\/\/www.senetic.es\/blog\/app\/uploads\/2017\/01\/Ubnt-Wispapalozza-2016-1.jpg","datePublished":"2017-01-24T07:53:26+00:00","author":{"@id":"https:\/\/www.senetic.es\/blog\/#\/schema\/person\/a34535a805a54175e018754216252c63"},"inLanguage":"es-ES","potentialAction":[{"@type":"ReadAction","target":["https:\/\/www.senetic.es\/blog\/75,ubiquiti-fabricante-del-ano\/"]}]},{"@type":"ImageObject","inLanguage":"es-ES","@id":"https:\/\/www.senetic.es\/blog\/75,ubiquiti-fabricante-del-ano\/#primaryimage","url":"https:\/\/www.senetic.es\/blog\/app\/uploads\/2017\/01\/Ubnt-Wispapalozza-2016-1.jpg","contentUrl":"https:\/\/www.senetic.es\/blog\/app\/uploads\/2017\/01\/Ubnt-Wispapalozza-2016-1.jpg","width":1061,"height":736},{"@type":"WebSite","@id":"https:\/\/www.senetic.es\/blog\/#website","url":"https:\/\/www.senetic.es\/blog\/","name":"Senetic Blog IT - Microsoft, Office 365, Azure, Ubiquiti, MikroTik","description":"","potentialAction":[{"@type":"SearchAction","target":{"@type":"EntryPoint","urlTemplate":"https:\/\/www.senetic.es\/blog\/?s={search_term_string}"},"query-input":{"@type":"PropertyValueSpecification","valueRequired":true,"valueName":"search_term_string"}}],"inLanguage":"es-ES"},{"@type":"Person","@id":"https:\/\/www.senetic.es\/blog\/#\/schema\/person\/a34535a805a54175e018754216252c63","name":"Patryk","image":{"@type":"ImageObject","inLanguage":"es-ES","@id":"https:\/\/secure.gravatar.com\/avatar\/e45e46277618296a4d9bcafbaa8878639f3905a9a7a84e37de2cbe8ef5226ba4?s=96&d=mm&r=g","url":"https:\/\/secure.gravatar.com\/avatar\/e45e46277618296a4d9bcafbaa8878639f3905a9a7a84e37de2cbe8ef5226ba4?s=96&d=mm&r=g","contentUrl":"https:\/\/secure.gravatar.com\/avatar\/e45e46277618296a4d9bcafbaa8878639f3905a9a7a84e37de2cbe8ef5226ba4?s=96&d=mm&r=g","caption":"Patryk"},"url":"https:\/\/www.senetic.es\/blog\/author\/pkujawa\/"}]}},"_links":{"self":[{"href":"https:\/\/www.senetic.es\/blog\/wp-json\/wp\/v2\/posts\/75","targetHints":{"allow":["GET"]}}],"collection":[{"href":"https:\/\/www.senetic.es\/blog\/wp-json\/wp\/v2\/posts"}],"about":[{"href":"https:\/\/www.senetic.es\/blog\/wp-json\/wp\/v2\/types\/post"}],"author":[{"embeddable":true,"href":"https:\/\/www.senetic.es\/blog\/wp-json\/wp\/v2\/users\/2"}],"replies":[{"embeddable":true,"href":"https:\/\/www.senetic.es\/blog\/wp-json\/wp\/v2\/comments?post=75"}],"version-history":[{"count":0,"href":"https:\/\/www.senetic.es\/blog\/wp-json\/wp\/v2\/posts\/75\/revisions"}],"wp:featuredmedia":[{"embeddable":true,"href":"https:\/\/www.senetic.es\/blog\/wp-json\/wp\/v2\/media\/76"}],"wp:attachment":[{"href":"https:\/\/www.senetic.es\/blog\/wp-json\/wp\/v2\/media?parent=75"}],"wp:term":[{"taxonomy":"category","embeddable":true,"href":"https:\/\/www.senetic.es\/blog\/wp-json\/wp\/v2\/categories?post=75"},{"taxonomy":"post_tag","embeddable":true,"href":"https:\/\/www.senetic.es\/blog\/wp-json\/wp\/v2\/tags?post=75"}],"curies":[{"name":"wp","href":"https:\/\/api.w.org\/{rel}","templated":true}]}}