{"id":322,"date":"2025-05-28T15:24:06","date_gmt":"2025-05-28T13:24:06","guid":{"rendered":"https:\/\/www.senetic.es\/blog\/wp\/?p=322"},"modified":"2025-05-28T15:24:20","modified_gmt":"2025-05-28T13:24:20","slug":"fin-del-soporte-para-las-aplicaciones-de-microsoft-365-en-windows-10","status":"publish","type":"post","link":"https:\/\/www.senetic.es\/blog\/322,fin-del-soporte-para-las-aplicaciones-de-microsoft-365-en-windows-10\/","title":{"rendered":"Fin del soporte para las aplicaciones de Microsoft 365 en Windows 10: \u00bfqu\u00e9 necesitas saber?"},"content":{"rendered":"\n<p>\u00a0\u00a0\u00a0\u00a0<img fetchpriority=\"high\" decoding=\"async\" class=\"size-full wp-image-329 alignleft\" src=\"https:\/\/www.senetic.es\/blog\/app\/uploads\/2025\/05\/Kopia-\u2013-Miniatura-na-bloga-8.png\" alt=\"\" width=\"300\" height=\"210\" srcset=\"https:\/\/www.senetic.es\/blog\/app\/uploads\/2025\/05\/Kopia-\u2013-Miniatura-na-bloga-8.png 300w, https:\/\/www.senetic.es\/blog\/app\/uploads\/2025\/05\/Kopia-\u2013-Miniatura-na-bloga-8-150x105.png 150w, https:\/\/www.senetic.es\/blog\/app\/uploads\/2025\/05\/Kopia-\u2013-Miniatura-na-bloga-8-250x175.png 250w\" sizes=\"(max-width: 300px) 100vw, 300px\" \/><span style=\"font-size: revert; color: initial;\">Microsoft ha anunciado que a partir del <\/span><strong style=\"font-size: revert; color: initial;\">14 de octubre de 2025<\/strong><span style=\"font-size: revert; color: initial;\"> , las aplicaciones de Microsoft 365 como Word, Excel o PowerPoint ya no ser\u00e1n compatibles con Windows 10. Se trata de un cambio significativo que afecta tanto a los usuarios individuales como a las empresas que utilizan este popular sistema operativo. Estas son las cosas m\u00e1s importantes que debes saber para prepararte para los pr\u00f3ximos cambios.<\/span><\/p>\n<p><!--more--><\/p>\n\n\n\n<p><strong>\u00bfPor qu\u00e9 Microsoft finaliza el soporte?<\/strong><\/p>\n\n\n\n<p>La decisi\u00f3n de Microsoft est\u00e1 relacionada con los planes de poner fin al soporte para el Windows 10, que tambi\u00e9n tendr\u00e1 lugar en octubre de 2025. La introducci\u00f3n de nuevas soluciones, como Windows 11, significa que la compa\u00f1\u00eda se centra en el desarrollo de las \u00faltimas tecnolog\u00edas y seguridad. De acuerdo con la pol\u00edtica de soporte de Microsoft, las aplicaciones de Microsoft 365 est\u00e1n adaptadas para funcionar en los entornos operativos m\u00e1s recientes para proporcionar a los usuarios la m\u00e1s alta calidad de servicio.<\/p>\n\n\n\n<p><strong>\u00bfQu\u00e9 significa el fin del soporte?<\/strong><\/p>\n\n\n\n<p>Despu\u00e9s del 14 de octubre de 2025:<\/p>\n\n\n\n<ol class=\"wp-block-list\" start=\"1\">\n<li>Aplicaciones Microsoft 365 en Windows 10 ya no recibir\u00e1 <strong>actualizaciones funcionales<\/strong> ni <strong>parches de seguridad<\/strong>.<\/li>\n\n\n\n<li>La falta de soporte significa un mayor riesgo de vulnerabilidad a las amenazas cibern\u00e9ticas, lo cual es especialmente importante en el contexto de la protecci\u00f3n de los datos de la empresa.<\/li>\n\n\n\n<li>Los usuarios podr\u00e1n seguir utilizando la aplicaci\u00f3n, pero si no se actualiza, podr\u00edan producirse problemas de compatibilidad en el futuro.<\/li>\n<\/ol>\n\n\n\n<p><strong>\u00bfA qui\u00e9n afecta?<\/strong><\/p>\n\n\n\n<p>El cambio se aplicar\u00e1 a todos los usuarios de <a href=\"https:\/\/www.senetic.es\/microsoft365\/\">Microsoft<\/a> 365, independientemente de su plan de suscripci\u00f3n. Esto afecta especialmente a las empresas que a\u00fan no han implementado Windows 11 o que utilizan dispositivos m\u00e1s antiguos que pueden no cumplir con los requisitos de hardware de este sistema.<\/p>\n\n\n\n<p><strong>\u00bfC\u00f3mo prepararse?<\/strong><\/p>\n\n\n\n<p>Para evitar problemas una vez finalizado el soporte t\u00e9cnico, Microsoft recomienda lo siguiente:<\/p>\n\n\n\n<ol class=\"wp-block-list\" start=\"1\">\n<li><strong>Actualiza el sistema operativo a Windows 11<\/strong>: esta es la soluci\u00f3n m\u00e1s recomendada que te permite beneficiarse de un soporte completo para Microsoft 365 y proporciona un alto nivel de seguridad.<\/li>\n\n\n\n<li><strong>Considera la posibilidad de migrar a otras soluciones<\/strong>: si tu dispositivo no cumple con los requisitos de Windows 11, es posible que desees considerar comprar nuevos dispositivos o migrar a soluciones en la nube.<\/li>\n\n\n\n<li><strong>Auditor\u00eda de los dispositivos de la organizaci\u00f3n<\/strong>: las empresas deben comprobar qu\u00e9 dispositivos deben actualizarse para evitar interrupciones en el trabajo.<\/li>\n<\/ol>\n\n\n\n<p>El fin del soporte para <a href=\"https:\/\/www.senetic.es\/microsoft365\/\">Microsoft 365<\/a> en Windows 10 es un paso m\u00e1s en el desarrollo del ecosistema de Microsoft. La empresa se centra en proporcionar soluciones modernas que satisfagan los requisitos de los usuarios modernos. Si est\u00e1s utilizando Windows 10, ahora es el momento de prepararse para los pr\u00f3ximos cambios y proteger tu entorno de trabajo de posibles amenazas.<\/p>\n\n\n\n<p>No esperes hasta el \u00faltimo minuto: \u00a1descubre c\u00f3mo adaptar tus dispositivos y tu entorno de TI a los nuevos requisitos!<\/p>\n\n\n\n<p><strong>\u00bfQuieres saber m\u00e1s? P\u00f3nte en contacto con nosotros y descubre las posibilidades de un enfoque moderno de la TI.<\/strong><\/p>\n\n\n\n<p>Nuestro equipo de expertos estar\u00e1 encantado de responder a tus preguntas y ayudarte a elegir la mejor soluci\u00f3n:<\/p>\n\n\n\n<p><strong>Tel: <a href=\"tel:+34%20917%2094%2025%2010\">+34 917 94 25 10<\/a><\/strong><\/p>\n\n\n\n<p><strong>Correo electr\u00f3nico: microsoft@senetic.com<\/strong><\/p>\n\n\n\n<p>Tambi\u00e9n le invitamos a visitar nuestra p\u00e1gina web, donde encontrar\u00e1 m\u00e1s informaci\u00f3n sobre los productos. Compruebe y obtenga m\u00e1s informaci\u00f3n: <strong><a href=\"https:\/\/www.senetic.es\/microsoft365\/\">MICROSOFT<\/a> <\/strong><strong><\/strong><\/p>\n","protected":false},"excerpt":{"rendered":"<p>\u00a0\u00a0\u00a0\u00a0Microsoft ha anunciado que a partir del 14 de octubre de 2025 , las aplicaciones de Microsoft 365 como Word, Excel o PowerPoint ya no ser\u00e1n compatibles con Windows 10. Se trata de un cambio significativo que afecta tanto a los usuarios individuales como a las empresas que utilizan este popular sistema operativo. Estas son<\/p>\n","protected":false},"author":4,"featured_media":329,"comment_status":"open","ping_status":"open","sticky":false,"template":"","format":"standard","meta":{"footnotes":""},"categories":[1,31],"tags":[5,53,35,56,57],"class_list":{"0":"post-322","1":"post","2":"type-post","3":"status-publish","4":"format-standard","5":"has-post-thumbnail","7":"category-noticias","8":"category-office-365","9":"tag-microsoft","10":"tag-microsoft-365","11":"tag-office-365","12":"tag-windows-10","13":"tag-windows-11"},"yoast_head":"<!-- This site is optimized with the Yoast SEO plugin v27.3 - https:\/\/yoast.com\/product\/yoast-seo-wordpress\/ -->\n<title>Fin del soporte para las aplicaciones de Microsoft 365 en Windows 10 - Senetic Blog IT - Microsoft, Office 365, Azure, Ubiquiti, MikroTik<\/title>\n<meta name=\"description\" content=\"Microsoft ha anunciado que a partir del 14 de octubre de 2025 , las aplicaciones de Microsoft 365 ya no ser\u00e1n compatibles con Windows 10.\" \/>\n<meta name=\"robots\" content=\"index, follow, max-snippet:-1, max-image-preview:large, max-video-preview:-1\" \/>\n<link rel=\"canonical\" href=\"https:\/\/www.senetic.es\/blog\/322,fin-del-soporte-para-las-aplicaciones-de-microsoft-365-en-windows-10\/\" \/>\n<meta property=\"og:locale\" content=\"es_ES\" \/>\n<meta property=\"og:type\" content=\"article\" \/>\n<meta property=\"og:title\" content=\"Fin del soporte para las aplicaciones de Microsoft 365 en Windows 10 - Senetic Blog IT - Microsoft, Office 365, Azure, Ubiquiti, MikroTik\" \/>\n<meta property=\"og:description\" content=\"Microsoft ha anunciado que a partir del 14 de octubre de 2025 , las aplicaciones de Microsoft 365 ya no ser\u00e1n compatibles con Windows 10.\" \/>\n<meta property=\"og:url\" content=\"https:\/\/www.senetic.es\/blog\/322,fin-del-soporte-para-las-aplicaciones-de-microsoft-365-en-windows-10\/\" \/>\n<meta property=\"og:site_name\" content=\"Senetic Blog IT - Microsoft, Office 365, Azure, Ubiquiti, MikroTik\" \/>\n<meta property=\"article:published_time\" content=\"2025-05-28T13:24:06+00:00\" \/>\n<meta property=\"article:modified_time\" content=\"2025-05-28T13:24:20+00:00\" \/>\n<meta property=\"og:image\" content=\"https:\/\/www.senetic.es\/blog\/app\/uploads\/2025\/05\/Kopia-\u2013-Miniatura-na-bloga-8.png\" \/>\n\t<meta property=\"og:image:width\" content=\"300\" \/>\n\t<meta property=\"og:image:height\" content=\"210\" \/>\n\t<meta property=\"og:image:type\" content=\"image\/png\" \/>\n<meta name=\"author\" content=\"Joanna Muszy\u0144ska\" \/>\n<meta name=\"twitter:card\" content=\"summary_large_image\" \/>\n<meta name=\"twitter:label1\" content=\"Written by\" \/>\n\t<meta name=\"twitter:data1\" content=\"Joanna Muszy\u0144ska\" \/>\n\t<meta name=\"twitter:label2\" content=\"Est. reading time\" \/>\n\t<meta name=\"twitter:data2\" content=\"4 minutes\" \/>\n<script type=\"application\/ld+json\" class=\"yoast-schema-graph\">{\"@context\":\"https:\\\/\\\/schema.org\",\"@graph\":[{\"@type\":\"Article\",\"@id\":\"https:\\\/\\\/www.senetic.es\\\/blog\\\/322,fin-del-soporte-para-las-aplicaciones-de-microsoft-365-en-windows-10\\\/#article\",\"isPartOf\":{\"@id\":\"https:\\\/\\\/www.senetic.es\\\/blog\\\/322,fin-del-soporte-para-las-aplicaciones-de-microsoft-365-en-windows-10\\\/\"},\"author\":{\"name\":\"Joanna Muszy\u0144ska\",\"@id\":\"https:\\\/\\\/www.senetic.es\\\/blog\\\/#\\\/schema\\\/person\\\/1f0e6a078a3fee21c69d51d16b69bf5e\"},\"headline\":\"Fin del soporte para las aplicaciones de Microsoft 365 en Windows 10: \u00bfqu\u00e9 necesitas saber?\",\"datePublished\":\"2025-05-28T13:24:06+00:00\",\"dateModified\":\"2025-05-28T13:24:20+00:00\",\"mainEntityOfPage\":{\"@id\":\"https:\\\/\\\/www.senetic.es\\\/blog\\\/322,fin-del-soporte-para-las-aplicaciones-de-microsoft-365-en-windows-10\\\/\"},\"wordCount\":568,\"commentCount\":0,\"image\":{\"@id\":\"https:\\\/\\\/www.senetic.es\\\/blog\\\/322,fin-del-soporte-para-las-aplicaciones-de-microsoft-365-en-windows-10\\\/#primaryimage\"},\"thumbnailUrl\":\"https:\\\/\\\/www.senetic.es\\\/blog\\\/app\\\/uploads\\\/2025\\\/05\\\/Kopia-\u2013-Miniatura-na-bloga-8.png\",\"keywords\":[\"Microsoft\",\"Microsoft 365\",\"Office 365\",\"Windows 10\",\"Windows 11\"],\"articleSection\":[\"Noticias\",\"Office 365\"],\"inLanguage\":\"es-ES\",\"potentialAction\":[{\"@type\":\"CommentAction\",\"name\":\"Comment\",\"target\":[\"https:\\\/\\\/www.senetic.es\\\/blog\\\/322,fin-del-soporte-para-las-aplicaciones-de-microsoft-365-en-windows-10\\\/#respond\"]}]},{\"@type\":\"WebPage\",\"@id\":\"https:\\\/\\\/www.senetic.es\\\/blog\\\/322,fin-del-soporte-para-las-aplicaciones-de-microsoft-365-en-windows-10\\\/\",\"url\":\"https:\\\/\\\/www.senetic.es\\\/blog\\\/322,fin-del-soporte-para-las-aplicaciones-de-microsoft-365-en-windows-10\\\/\",\"name\":\"Fin del soporte para las aplicaciones de Microsoft 365 en Windows 10 - Senetic Blog IT - Microsoft, Office 365, Azure, Ubiquiti, MikroTik\",\"isPartOf\":{\"@id\":\"https:\\\/\\\/www.senetic.es\\\/blog\\\/#website\"},\"primaryImageOfPage\":{\"@id\":\"https:\\\/\\\/www.senetic.es\\\/blog\\\/322,fin-del-soporte-para-las-aplicaciones-de-microsoft-365-en-windows-10\\\/#primaryimage\"},\"image\":{\"@id\":\"https:\\\/\\\/www.senetic.es\\\/blog\\\/322,fin-del-soporte-para-las-aplicaciones-de-microsoft-365-en-windows-10\\\/#primaryimage\"},\"thumbnailUrl\":\"https:\\\/\\\/www.senetic.es\\\/blog\\\/app\\\/uploads\\\/2025\\\/05\\\/Kopia-\u2013-Miniatura-na-bloga-8.png\",\"datePublished\":\"2025-05-28T13:24:06+00:00\",\"dateModified\":\"2025-05-28T13:24:20+00:00\",\"author\":{\"@id\":\"https:\\\/\\\/www.senetic.es\\\/blog\\\/#\\\/schema\\\/person\\\/1f0e6a078a3fee21c69d51d16b69bf5e\"},\"description\":\"Microsoft ha anunciado que a partir del 14 de octubre de 2025 , las aplicaciones de Microsoft 365 ya no ser\u00e1n compatibles con Windows 10.\",\"inLanguage\":\"es-ES\",\"potentialAction\":[{\"@type\":\"ReadAction\",\"target\":[\"https:\\\/\\\/www.senetic.es\\\/blog\\\/322,fin-del-soporte-para-las-aplicaciones-de-microsoft-365-en-windows-10\\\/\"]}]},{\"@type\":\"ImageObject\",\"inLanguage\":\"es-ES\",\"@id\":\"https:\\\/\\\/www.senetic.es\\\/blog\\\/322,fin-del-soporte-para-las-aplicaciones-de-microsoft-365-en-windows-10\\\/#primaryimage\",\"url\":\"https:\\\/\\\/www.senetic.es\\\/blog\\\/app\\\/uploads\\\/2025\\\/05\\\/Kopia-\u2013-Miniatura-na-bloga-8.png\",\"contentUrl\":\"https:\\\/\\\/www.senetic.es\\\/blog\\\/app\\\/uploads\\\/2025\\\/05\\\/Kopia-\u2013-Miniatura-na-bloga-8.png\",\"width\":300,\"height\":210},{\"@type\":\"WebSite\",\"@id\":\"https:\\\/\\\/www.senetic.es\\\/blog\\\/#website\",\"url\":\"https:\\\/\\\/www.senetic.es\\\/blog\\\/\",\"name\":\"Senetic Blog IT - Microsoft, Office 365, Azure, Ubiquiti, MikroTik\",\"description\":\"\",\"potentialAction\":[{\"@type\":\"SearchAction\",\"target\":{\"@type\":\"EntryPoint\",\"urlTemplate\":\"https:\\\/\\\/www.senetic.es\\\/blog\\\/?s={search_term_string}\"},\"query-input\":{\"@type\":\"PropertyValueSpecification\",\"valueRequired\":true,\"valueName\":\"search_term_string\"}}],\"inLanguage\":\"es-ES\"},{\"@type\":\"Person\",\"@id\":\"https:\\\/\\\/www.senetic.es\\\/blog\\\/#\\\/schema\\\/person\\\/1f0e6a078a3fee21c69d51d16b69bf5e\",\"name\":\"Joanna Muszy\u0144ska\",\"image\":{\"@type\":\"ImageObject\",\"inLanguage\":\"es-ES\",\"@id\":\"https:\\\/\\\/secure.gravatar.com\\\/avatar\\\/6ec4b9d381fedd1a75c371ef4525facb5bc3ac88743bca79b83df77408a4c803?s=96&d=mm&r=g\",\"url\":\"https:\\\/\\\/secure.gravatar.com\\\/avatar\\\/6ec4b9d381fedd1a75c371ef4525facb5bc3ac88743bca79b83df77408a4c803?s=96&d=mm&r=g\",\"contentUrl\":\"https:\\\/\\\/secure.gravatar.com\\\/avatar\\\/6ec4b9d381fedd1a75c371ef4525facb5bc3ac88743bca79b83df77408a4c803?s=96&d=mm&r=g\",\"caption\":\"Joanna Muszy\u0144ska\"},\"description\":\"Microsoft Marketing ManagerCon m\u00e1s de 15 a\u00f1os de experiencia, ha trabajado en periodismo, marketing y relaciones p\u00fablicas, acumulando experiencia en diversas industrias. Se siente m\u00e1s c\u00f3modo en el marketing B2B, en el sector de TI y en la descripci\u00f3n de nuevas tecnolog\u00edas al servicio de los negocios. En su tiempo libre recarga energ\u00edas en las monta\u00f1as, en bicicleta o en el gimnasio animando al equipo local de baloncesto.\",\"sameAs\":[\"https:\\\/\\\/www.linkedin.com\\\/in\\\/joanna-muszy\u0144ska-321b0973\\\/\"],\"url\":\"https:\\\/\\\/www.senetic.es\\\/blog\\\/author\\\/joanna\\\/\"}]}<\/script>\n<!-- \/ Yoast SEO plugin. -->","yoast_head_json":{"title":"Fin del soporte para las aplicaciones de Microsoft 365 en Windows 10 - Senetic Blog IT - Microsoft, Office 365, Azure, Ubiquiti, MikroTik","description":"Microsoft ha anunciado que a partir del 14 de octubre de 2025 , las aplicaciones de Microsoft 365 ya no ser\u00e1n compatibles con Windows 10.","robots":{"index":"index","follow":"follow","max-snippet":"max-snippet:-1","max-image-preview":"max-image-preview:large","max-video-preview":"max-video-preview:-1"},"canonical":"https:\/\/www.senetic.es\/blog\/322,fin-del-soporte-para-las-aplicaciones-de-microsoft-365-en-windows-10\/","og_locale":"es_ES","og_type":"article","og_title":"Fin del soporte para las aplicaciones de Microsoft 365 en Windows 10 - Senetic Blog IT - Microsoft, Office 365, Azure, Ubiquiti, MikroTik","og_description":"Microsoft ha anunciado que a partir del 14 de octubre de 2025 , las aplicaciones de Microsoft 365 ya no ser\u00e1n compatibles con Windows 10.","og_url":"https:\/\/www.senetic.es\/blog\/322,fin-del-soporte-para-las-aplicaciones-de-microsoft-365-en-windows-10\/","og_site_name":"Senetic Blog IT - Microsoft, Office 365, Azure, Ubiquiti, MikroTik","article_published_time":"2025-05-28T13:24:06+00:00","article_modified_time":"2025-05-28T13:24:20+00:00","og_image":[{"width":300,"height":210,"url":"https:\/\/www.senetic.es\/blog\/app\/uploads\/2025\/05\/Kopia-\u2013-Miniatura-na-bloga-8.png","type":"image\/png"}],"author":"Joanna Muszy\u0144ska","twitter_card":"summary_large_image","twitter_misc":{"Written by":"Joanna Muszy\u0144ska","Est. reading time":"4 minutes"},"schema":{"@context":"https:\/\/schema.org","@graph":[{"@type":"Article","@id":"https:\/\/www.senetic.es\/blog\/322,fin-del-soporte-para-las-aplicaciones-de-microsoft-365-en-windows-10\/#article","isPartOf":{"@id":"https:\/\/www.senetic.es\/blog\/322,fin-del-soporte-para-las-aplicaciones-de-microsoft-365-en-windows-10\/"},"author":{"name":"Joanna Muszy\u0144ska","@id":"https:\/\/www.senetic.es\/blog\/#\/schema\/person\/1f0e6a078a3fee21c69d51d16b69bf5e"},"headline":"Fin del soporte para las aplicaciones de Microsoft 365 en Windows 10: \u00bfqu\u00e9 necesitas saber?","datePublished":"2025-05-28T13:24:06+00:00","dateModified":"2025-05-28T13:24:20+00:00","mainEntityOfPage":{"@id":"https:\/\/www.senetic.es\/blog\/322,fin-del-soporte-para-las-aplicaciones-de-microsoft-365-en-windows-10\/"},"wordCount":568,"commentCount":0,"image":{"@id":"https:\/\/www.senetic.es\/blog\/322,fin-del-soporte-para-las-aplicaciones-de-microsoft-365-en-windows-10\/#primaryimage"},"thumbnailUrl":"https:\/\/www.senetic.es\/blog\/app\/uploads\/2025\/05\/Kopia-\u2013-Miniatura-na-bloga-8.png","keywords":["Microsoft","Microsoft 365","Office 365","Windows 10","Windows 11"],"articleSection":["Noticias","Office 365"],"inLanguage":"es-ES","potentialAction":[{"@type":"CommentAction","name":"Comment","target":["https:\/\/www.senetic.es\/blog\/322,fin-del-soporte-para-las-aplicaciones-de-microsoft-365-en-windows-10\/#respond"]}]},{"@type":"WebPage","@id":"https:\/\/www.senetic.es\/blog\/322,fin-del-soporte-para-las-aplicaciones-de-microsoft-365-en-windows-10\/","url":"https:\/\/www.senetic.es\/blog\/322,fin-del-soporte-para-las-aplicaciones-de-microsoft-365-en-windows-10\/","name":"Fin del soporte para las aplicaciones de Microsoft 365 en Windows 10 - Senetic Blog IT - Microsoft, Office 365, Azure, Ubiquiti, MikroTik","isPartOf":{"@id":"https:\/\/www.senetic.es\/blog\/#website"},"primaryImageOfPage":{"@id":"https:\/\/www.senetic.es\/blog\/322,fin-del-soporte-para-las-aplicaciones-de-microsoft-365-en-windows-10\/#primaryimage"},"image":{"@id":"https:\/\/www.senetic.es\/blog\/322,fin-del-soporte-para-las-aplicaciones-de-microsoft-365-en-windows-10\/#primaryimage"},"thumbnailUrl":"https:\/\/www.senetic.es\/blog\/app\/uploads\/2025\/05\/Kopia-\u2013-Miniatura-na-bloga-8.png","datePublished":"2025-05-28T13:24:06+00:00","dateModified":"2025-05-28T13:24:20+00:00","author":{"@id":"https:\/\/www.senetic.es\/blog\/#\/schema\/person\/1f0e6a078a3fee21c69d51d16b69bf5e"},"description":"Microsoft ha anunciado que a partir del 14 de octubre de 2025 , las aplicaciones de Microsoft 365 ya no ser\u00e1n compatibles con Windows 10.","inLanguage":"es-ES","potentialAction":[{"@type":"ReadAction","target":["https:\/\/www.senetic.es\/blog\/322,fin-del-soporte-para-las-aplicaciones-de-microsoft-365-en-windows-10\/"]}]},{"@type":"ImageObject","inLanguage":"es-ES","@id":"https:\/\/www.senetic.es\/blog\/322,fin-del-soporte-para-las-aplicaciones-de-microsoft-365-en-windows-10\/#primaryimage","url":"https:\/\/www.senetic.es\/blog\/app\/uploads\/2025\/05\/Kopia-\u2013-Miniatura-na-bloga-8.png","contentUrl":"https:\/\/www.senetic.es\/blog\/app\/uploads\/2025\/05\/Kopia-\u2013-Miniatura-na-bloga-8.png","width":300,"height":210},{"@type":"WebSite","@id":"https:\/\/www.senetic.es\/blog\/#website","url":"https:\/\/www.senetic.es\/blog\/","name":"Senetic Blog IT - Microsoft, Office 365, Azure, Ubiquiti, MikroTik","description":"","potentialAction":[{"@type":"SearchAction","target":{"@type":"EntryPoint","urlTemplate":"https:\/\/www.senetic.es\/blog\/?s={search_term_string}"},"query-input":{"@type":"PropertyValueSpecification","valueRequired":true,"valueName":"search_term_string"}}],"inLanguage":"es-ES"},{"@type":"Person","@id":"https:\/\/www.senetic.es\/blog\/#\/schema\/person\/1f0e6a078a3fee21c69d51d16b69bf5e","name":"Joanna Muszy\u0144ska","image":{"@type":"ImageObject","inLanguage":"es-ES","@id":"https:\/\/secure.gravatar.com\/avatar\/6ec4b9d381fedd1a75c371ef4525facb5bc3ac88743bca79b83df77408a4c803?s=96&d=mm&r=g","url":"https:\/\/secure.gravatar.com\/avatar\/6ec4b9d381fedd1a75c371ef4525facb5bc3ac88743bca79b83df77408a4c803?s=96&d=mm&r=g","contentUrl":"https:\/\/secure.gravatar.com\/avatar\/6ec4b9d381fedd1a75c371ef4525facb5bc3ac88743bca79b83df77408a4c803?s=96&d=mm&r=g","caption":"Joanna Muszy\u0144ska"},"description":"Microsoft Marketing ManagerCon m\u00e1s de 15 a\u00f1os de experiencia, ha trabajado en periodismo, marketing y relaciones p\u00fablicas, acumulando experiencia en diversas industrias. Se siente m\u00e1s c\u00f3modo en el marketing B2B, en el sector de TI y en la descripci\u00f3n de nuevas tecnolog\u00edas al servicio de los negocios. En su tiempo libre recarga energ\u00edas en las monta\u00f1as, en bicicleta o en el gimnasio animando al equipo local de baloncesto.","sameAs":["https:\/\/www.linkedin.com\/in\/joanna-muszy\u0144ska-321b0973\/"],"url":"https:\/\/www.senetic.es\/blog\/author\/joanna\/"}]}},"_links":{"self":[{"href":"https:\/\/www.senetic.es\/blog\/wp-json\/wp\/v2\/posts\/322","targetHints":{"allow":["GET"]}}],"collection":[{"href":"https:\/\/www.senetic.es\/blog\/wp-json\/wp\/v2\/posts"}],"about":[{"href":"https:\/\/www.senetic.es\/blog\/wp-json\/wp\/v2\/types\/post"}],"author":[{"embeddable":true,"href":"https:\/\/www.senetic.es\/blog\/wp-json\/wp\/v2\/users\/4"}],"replies":[{"embeddable":true,"href":"https:\/\/www.senetic.es\/blog\/wp-json\/wp\/v2\/comments?post=322"}],"version-history":[{"count":0,"href":"https:\/\/www.senetic.es\/blog\/wp-json\/wp\/v2\/posts\/322\/revisions"}],"wp:featuredmedia":[{"embeddable":true,"href":"https:\/\/www.senetic.es\/blog\/wp-json\/wp\/v2\/media\/329"}],"wp:attachment":[{"href":"https:\/\/www.senetic.es\/blog\/wp-json\/wp\/v2\/media?parent=322"}],"wp:term":[{"taxonomy":"category","embeddable":true,"href":"https:\/\/www.senetic.es\/blog\/wp-json\/wp\/v2\/categories?post=322"},{"taxonomy":"post_tag","embeddable":true,"href":"https:\/\/www.senetic.es\/blog\/wp-json\/wp\/v2\/tags?post=322"}],"curies":[{"name":"wp","href":"https:\/\/api.w.org\/{rel}","templated":true}]}}