{"id":319,"date":"2025-05-28T15:11:24","date_gmt":"2025-05-28T13:11:24","guid":{"rendered":"https:\/\/www.senetic.es\/blog\/wp\/?p=319"},"modified":"2025-05-28T15:12:10","modified_gmt":"2025-05-28T13:12:10","slug":"suscripciones-de-tres-anos-a-microsoft-365-e3-e5-y-teams-enterprise-en-el-modelo-csp","status":"publish","type":"post","link":"https:\/\/www.senetic.es\/blog\/319,suscripciones-de-tres-anos-a-microsoft-365-e3-e5-y-teams-enterprise-en-el-modelo-csp\/","title":{"rendered":"Suscripciones de tres a\u00f1os a Microsoft 365 E3, E5 y Teams Enterprise en el modelo CSP: \u00bfqu\u00e9 significa esto para su empresa?"},"content":{"rendered":"\n<p><img fetchpriority=\"high\" decoding=\"async\" class=\"alignnone size-full wp-image-320 alignleft\" src=\"https:\/\/www.senetic.es\/blog\/app\/uploads\/2025\/05\/Microsoft-6.png\" alt=\"\" width=\"300\" height=\"210\" srcset=\"https:\/\/www.senetic.es\/blog\/app\/uploads\/2025\/05\/Microsoft-6.png 300w, https:\/\/www.senetic.es\/blog\/app\/uploads\/2025\/05\/Microsoft-6-150x105.png 150w, https:\/\/www.senetic.es\/blog\/app\/uploads\/2025\/05\/Microsoft-6-250x175.png 250w\" sizes=\"(max-width: 300px) 100vw, 300px\" \/><\/p>\n<p>A partir del 1 de junio de 2025, Microsoft introducir\u00e1 per\u00edodos de suscripci\u00f3n de tres a\u00f1os para los planes Microsoft 365 E3, E5 y Teams Enterprise en el modelo Proveedor de soluciones en la nube (CSP). Se trata de un cambio significativo que tiene como objetivo simplificar los procesos de compra, aumentar la previsibilidad de los costes y apoyar la transformaci\u00f3n digital a largo plazo de las empresas.<\/p>\n<p><!--more--><\/p>\n<p>\u00a0<\/p>\n\n\n\n<p><strong>\u00bfQu\u00e9 es lo que est\u00e1 cambiando?<\/strong><\/p>\n<p>Hasta ahora, las suscripciones de <a href=\"https:\/\/www.senetic.es\/microsoft365\/\">Microsoft<\/a> 365 en el modelo CSP estaban disponibles principalmente en opciones mensuales o anuales. A partir del 1 de junio de 2025, se ha introducido la posibilidad de adquirir suscripciones por un periodo de tres a\u00f1os para los siguientes planes:<\/p>\n<ul>\n<li>Microsoft 365 E3<\/li>\n<li>Microsoft 365 E5<\/li>\n<li>Microsoft Teams Enterprise<\/li>\n<\/ul>\n<p>\u00a0<\/p>\n<p>Estas suscripciones est\u00e1n disponibles en dos opciones de facturaci\u00f3n:<\/p>\n<ul>\n<li>Pago por adelantado para todo el per\u00edodo de tres a\u00f1os<\/li>\n<li>Pagos anuales durante tres a\u00f1os<\/li>\n<\/ul>\n<p>Adem\u00e1s, se ha introducido un umbral m\u00ednimo de compra de 100 licencias a nivel de SKU.<\/p>\n<p>\u00a0<\/p>\n<p><strong>Beneficios para las empresas<\/strong><\/p>\n<ol>\n<li><strong> Estabilidad de costes<\/strong><\/li>\n<\/ol>\n<p>Con suscripciones de tres a\u00f1os, las empresas pueden estar seguras de costos fijos durante un per\u00edodo m\u00e1s largo. Esto es especialmente importante en el contexto de la planificaci\u00f3n presupuestaria y de evitar cambios de precios inesperados.<\/p>\n<ol start=\"2\">\n<li><strong> Procesos de compra m\u00e1s sencillos<\/strong><\/li>\n<\/ol>\n<p>Los contratos a largo plazo simplifican el proceso de compra al eliminar la necesidad de negociaciones y renovaciones de suscripciones anuales. Esto ahorra tiempo y recursos a los departamentos de TI y finanzas.<\/p>\n<ol start=\"3\">\n<li><strong> Promociones y descuentos<\/strong><\/li>\n<\/ol>\n<p>Para fomentar la transici\u00f3n a las suscripciones de tres a\u00f1os, <a href=\"https:\/\/www.senetic.es\/microsoft365\/\">Microsoft<\/a> ofrece promociones, incluido un 10% de descuento para los nuevos clientes de E3 y E5. Esta promoci\u00f3n es v\u00e1lida del 9 de junio al 31 de diciembre de 2025 y se aplica a compras de 100 a 2400 licencias.<\/p>\n<ol start=\"4\">\n<li><strong> Apoyo a la transformaci\u00f3n digital a largo plazo<\/strong><\/li>\n<\/ol>\n<p>Las suscripciones de tres a\u00f1os apoyan a las organizaciones en su adopci\u00f3n de la nube y transformaci\u00f3n digital a largo plazo. La estabilidad de costes y la previsibilidad facilitan la planificaci\u00f3n y ejecuci\u00f3n de estrategias digitales.<\/p>\n<p>\u00a0<\/p>\n<p><strong>\u00bfA qui\u00e9n va dirigido este cambio?<\/strong><\/p>\n<p>Las nuevas opciones de suscripci\u00f3n est\u00e1n dirigidas principalmente a medianas y grandes empresas que planean invertir en tecnolog\u00edas de Microsoft a largo plazo. El requisito de comprar un m\u00ednimo de 100 licencias hace que la oferta sea m\u00e1s atractiva para las organizaciones con operaciones a mayor escala.<\/p>\n<p>\u00a0<\/p>\n<p><strong>\u00bfCu\u00e1les son los pr\u00f3ximos pasos?<\/strong><\/p>\n<p>Si su empresa est\u00e1 considerando pasar a suscripciones de Microsoft 365 de tres a\u00f1os, es posible que desee:<\/p>\n<ul>\n<li><strong>Consulta con un socio de CSP: <\/strong>Los expertos de Senetic le ayudar\u00e1n a elegir los planes adecuados y le guiar\u00e1n a trav\u00e9s del proceso de compra.<\/li>\n<li><strong>Analiza las necesidades de tu organizaci\u00f3n<\/strong>: considera si una suscripci\u00f3n de tres a\u00f1os se ajusta a la estrategia y las necesidades de tu empresa. Los consultores de Senetic te ayudar\u00e1n a examinar tus necesidades en este sentido.<\/li>\n<li><strong>Echa un vistazo a <\/strong>las promociones disponibles: Aprovecha los descuentos que se ofrecen para optimizar tus costes.<\/li>\n<\/ul>\n<p>La introducci\u00f3n de suscripciones de tres a\u00f1os a Microsoft 365 E3, E5 y Teams Enterprise en el modelo CSP es un paso hacia la simplificaci\u00f3n de los procesos de adquisici\u00f3n y el apoyo a la transformaci\u00f3n digital a largo plazo de las empresas. Con la estabilidad de costos, los procesos simplificados y las promociones disponibles, las organizaciones pueden planificar sus inversiones en tecnolog\u00edas de Microsoft de forma m\u00e1s eficaz.<\/p>\n<p>\u00a0<\/p>\n<p>\ud83d\ude80 <strong>\u00bfQuieres mejorar el rendimiento de tu negocio? <\/strong>Nuestro equipo de expertos estar\u00e1 encantado de responder a tus preguntas y ayudarte a elegir la mejor soluci\u00f3n:<\/p>\n<p><strong>Tel: <a href=\"tel:+34%20917%2094%2025%2010\">+34 917 94 25 10<\/a><\/strong><\/p>\n<p><strong>Correo electr\u00f3nico: microsoft@senetic.com<\/strong><\/p>\n<p>Tambi\u00e9n le invitamos a visitar nuestra p\u00e1gina web, donde encontrar\u00e1 m\u00e1s informaci\u00f3n sobre los productos. Compruebe y obtenga m\u00e1s informaci\u00f3n: <strong><a href=\"https:\/\/www.senetic.es\/microsoft365\/\">MICROSOFT<\/a> <\/strong><\/p>\n<p>\u00a0<\/p>\n<p>\u00a0<\/p>\n<p>\u00a0<\/p>\n","protected":false},"excerpt":{"rendered":"<p>A partir del 1 de junio de 2025, Microsoft introducir\u00e1 per\u00edodos de suscripci\u00f3n de tres a\u00f1os para los planes Microsoft 365 E3, E5 y Teams Enterprise en el modelo Proveedor de soluciones en la nube (CSP). Se trata de un cambio significativo que tiene como objetivo simplificar los procesos de compra, aumentar la previsibilidad de<\/p>\n","protected":false},"author":4,"featured_media":320,"comment_status":"open","ping_status":"open","sticky":false,"template":"","format":"standard","meta":{"footnotes":""},"categories":[1,31],"tags":[5,53,54,55,35],"class_list":{"0":"post-319","1":"post","2":"type-post","3":"status-publish","4":"format-standard","5":"has-post-thumbnail","7":"category-noticias","8":"category-office-365","9":"tag-microsoft","10":"tag-microsoft-365","11":"tag-microsoft-365-e3","12":"tag-microsoft-365-e5","13":"tag-office-365"},"yoast_head":"<!-- This site is optimized with the Yoast SEO plugin v27.3 - https:\/\/yoast.com\/product\/yoast-seo-wordpress\/ -->\n<title>- Senetic Blog IT - Microsoft, Office 365, Azure, Ubiquiti, MikroTik<\/title>\n<meta name=\"description\" content=\"Microsoft introducir\u00e1 per\u00edodos de suscripci\u00f3n de tres a\u00f1os para los planes Microsoft 365 E3, E5 y Teams Enterprise en el modelo Proveedor de soluciones en la nube (CSP).\" \/>\n<meta name=\"robots\" content=\"index, follow, max-snippet:-1, max-image-preview:large, max-video-preview:-1\" \/>\n<link rel=\"canonical\" href=\"https:\/\/www.senetic.es\/blog\/319,suscripciones-de-tres-anos-a-microsoft-365-e3-e5-y-teams-enterprise-en-el-modelo-csp\/\" \/>\n<meta property=\"og:locale\" content=\"es_ES\" \/>\n<meta property=\"og:type\" content=\"article\" \/>\n<meta property=\"og:title\" content=\"- Senetic Blog IT - Microsoft, Office 365, Azure, Ubiquiti, MikroTik\" \/>\n<meta property=\"og:description\" content=\"Microsoft introducir\u00e1 per\u00edodos de suscripci\u00f3n de tres a\u00f1os para los planes Microsoft 365 E3, E5 y Teams Enterprise en el modelo Proveedor de soluciones en la nube (CSP).\" \/>\n<meta property=\"og:url\" content=\"https:\/\/www.senetic.es\/blog\/319,suscripciones-de-tres-anos-a-microsoft-365-e3-e5-y-teams-enterprise-en-el-modelo-csp\/\" \/>\n<meta property=\"og:site_name\" content=\"Senetic Blog IT - Microsoft, Office 365, Azure, Ubiquiti, MikroTik\" \/>\n<meta property=\"article:published_time\" content=\"2025-05-28T13:11:24+00:00\" \/>\n<meta property=\"article:modified_time\" content=\"2025-05-28T13:12:10+00:00\" \/>\n<meta property=\"og:image\" content=\"https:\/\/www.senetic.es\/blog\/app\/uploads\/2025\/05\/Microsoft-6.png\" \/>\n\t<meta property=\"og:image:width\" content=\"300\" \/>\n\t<meta property=\"og:image:height\" content=\"210\" \/>\n\t<meta property=\"og:image:type\" content=\"image\/png\" \/>\n<meta name=\"author\" content=\"Joanna Muszy\u0144ska\" \/>\n<meta name=\"twitter:card\" content=\"summary_large_image\" \/>\n<meta name=\"twitter:label1\" content=\"Written by\" \/>\n\t<meta name=\"twitter:data1\" content=\"Joanna Muszy\u0144ska\" \/>\n\t<meta name=\"twitter:label2\" content=\"Est. reading time\" \/>\n\t<meta name=\"twitter:data2\" content=\"4 minutes\" \/>\n<script type=\"application\/ld+json\" class=\"yoast-schema-graph\">{\"@context\":\"https:\\\/\\\/schema.org\",\"@graph\":[{\"@type\":\"Article\",\"@id\":\"https:\\\/\\\/www.senetic.es\\\/blog\\\/319,suscripciones-de-tres-anos-a-microsoft-365-e3-e5-y-teams-enterprise-en-el-modelo-csp\\\/#article\",\"isPartOf\":{\"@id\":\"https:\\\/\\\/www.senetic.es\\\/blog\\\/319,suscripciones-de-tres-anos-a-microsoft-365-e3-e5-y-teams-enterprise-en-el-modelo-csp\\\/\"},\"author\":{\"name\":\"Joanna Muszy\u0144ska\",\"@id\":\"https:\\\/\\\/www.senetic.es\\\/blog\\\/#\\\/schema\\\/person\\\/1f0e6a078a3fee21c69d51d16b69bf5e\"},\"headline\":\"Suscripciones de tres a\u00f1os a Microsoft 365 E3, E5 y Teams Enterprise en el modelo CSP: \u00bfqu\u00e9 significa esto para su empresa?\",\"datePublished\":\"2025-05-28T13:11:24+00:00\",\"dateModified\":\"2025-05-28T13:12:10+00:00\",\"mainEntityOfPage\":{\"@id\":\"https:\\\/\\\/www.senetic.es\\\/blog\\\/319,suscripciones-de-tres-anos-a-microsoft-365-e3-e5-y-teams-enterprise-en-el-modelo-csp\\\/\"},\"wordCount\":685,\"commentCount\":0,\"image\":{\"@id\":\"https:\\\/\\\/www.senetic.es\\\/blog\\\/319,suscripciones-de-tres-anos-a-microsoft-365-e3-e5-y-teams-enterprise-en-el-modelo-csp\\\/#primaryimage\"},\"thumbnailUrl\":\"https:\\\/\\\/www.senetic.es\\\/blog\\\/app\\\/uploads\\\/2025\\\/05\\\/Microsoft-6.png\",\"keywords\":[\"Microsoft\",\"Microsoft 365\",\"Microsoft 365 E3\",\"Microsoft 365 E5\",\"Office 365\"],\"articleSection\":[\"Noticias\",\"Office 365\"],\"inLanguage\":\"es-ES\",\"potentialAction\":[{\"@type\":\"CommentAction\",\"name\":\"Comment\",\"target\":[\"https:\\\/\\\/www.senetic.es\\\/blog\\\/319,suscripciones-de-tres-anos-a-microsoft-365-e3-e5-y-teams-enterprise-en-el-modelo-csp\\\/#respond\"]}]},{\"@type\":\"WebPage\",\"@id\":\"https:\\\/\\\/www.senetic.es\\\/blog\\\/319,suscripciones-de-tres-anos-a-microsoft-365-e3-e5-y-teams-enterprise-en-el-modelo-csp\\\/\",\"url\":\"https:\\\/\\\/www.senetic.es\\\/blog\\\/319,suscripciones-de-tres-anos-a-microsoft-365-e3-e5-y-teams-enterprise-en-el-modelo-csp\\\/\",\"name\":\"- Senetic Blog IT - Microsoft, Office 365, Azure, Ubiquiti, MikroTik\",\"isPartOf\":{\"@id\":\"https:\\\/\\\/www.senetic.es\\\/blog\\\/#website\"},\"primaryImageOfPage\":{\"@id\":\"https:\\\/\\\/www.senetic.es\\\/blog\\\/319,suscripciones-de-tres-anos-a-microsoft-365-e3-e5-y-teams-enterprise-en-el-modelo-csp\\\/#primaryimage\"},\"image\":{\"@id\":\"https:\\\/\\\/www.senetic.es\\\/blog\\\/319,suscripciones-de-tres-anos-a-microsoft-365-e3-e5-y-teams-enterprise-en-el-modelo-csp\\\/#primaryimage\"},\"thumbnailUrl\":\"https:\\\/\\\/www.senetic.es\\\/blog\\\/app\\\/uploads\\\/2025\\\/05\\\/Microsoft-6.png\",\"datePublished\":\"2025-05-28T13:11:24+00:00\",\"dateModified\":\"2025-05-28T13:12:10+00:00\",\"author\":{\"@id\":\"https:\\\/\\\/www.senetic.es\\\/blog\\\/#\\\/schema\\\/person\\\/1f0e6a078a3fee21c69d51d16b69bf5e\"},\"description\":\"Microsoft introducir\u00e1 per\u00edodos de suscripci\u00f3n de tres a\u00f1os para los planes Microsoft 365 E3, E5 y Teams Enterprise en el modelo Proveedor de soluciones en la nube (CSP).\",\"inLanguage\":\"es-ES\",\"potentialAction\":[{\"@type\":\"ReadAction\",\"target\":[\"https:\\\/\\\/www.senetic.es\\\/blog\\\/319,suscripciones-de-tres-anos-a-microsoft-365-e3-e5-y-teams-enterprise-en-el-modelo-csp\\\/\"]}]},{\"@type\":\"ImageObject\",\"inLanguage\":\"es-ES\",\"@id\":\"https:\\\/\\\/www.senetic.es\\\/blog\\\/319,suscripciones-de-tres-anos-a-microsoft-365-e3-e5-y-teams-enterprise-en-el-modelo-csp\\\/#primaryimage\",\"url\":\"https:\\\/\\\/www.senetic.es\\\/blog\\\/app\\\/uploads\\\/2025\\\/05\\\/Microsoft-6.png\",\"contentUrl\":\"https:\\\/\\\/www.senetic.es\\\/blog\\\/app\\\/uploads\\\/2025\\\/05\\\/Microsoft-6.png\",\"width\":300,\"height\":210},{\"@type\":\"WebSite\",\"@id\":\"https:\\\/\\\/www.senetic.es\\\/blog\\\/#website\",\"url\":\"https:\\\/\\\/www.senetic.es\\\/blog\\\/\",\"name\":\"Senetic Blog IT - Microsoft, Office 365, Azure, Ubiquiti, MikroTik\",\"description\":\"\",\"potentialAction\":[{\"@type\":\"SearchAction\",\"target\":{\"@type\":\"EntryPoint\",\"urlTemplate\":\"https:\\\/\\\/www.senetic.es\\\/blog\\\/?s={search_term_string}\"},\"query-input\":{\"@type\":\"PropertyValueSpecification\",\"valueRequired\":true,\"valueName\":\"search_term_string\"}}],\"inLanguage\":\"es-ES\"},{\"@type\":\"Person\",\"@id\":\"https:\\\/\\\/www.senetic.es\\\/blog\\\/#\\\/schema\\\/person\\\/1f0e6a078a3fee21c69d51d16b69bf5e\",\"name\":\"Joanna Muszy\u0144ska\",\"image\":{\"@type\":\"ImageObject\",\"inLanguage\":\"es-ES\",\"@id\":\"https:\\\/\\\/secure.gravatar.com\\\/avatar\\\/6ec4b9d381fedd1a75c371ef4525facb5bc3ac88743bca79b83df77408a4c803?s=96&d=mm&r=g\",\"url\":\"https:\\\/\\\/secure.gravatar.com\\\/avatar\\\/6ec4b9d381fedd1a75c371ef4525facb5bc3ac88743bca79b83df77408a4c803?s=96&d=mm&r=g\",\"contentUrl\":\"https:\\\/\\\/secure.gravatar.com\\\/avatar\\\/6ec4b9d381fedd1a75c371ef4525facb5bc3ac88743bca79b83df77408a4c803?s=96&d=mm&r=g\",\"caption\":\"Joanna Muszy\u0144ska\"},\"description\":\"Microsoft Marketing ManagerCon m\u00e1s de 15 a\u00f1os de experiencia, ha trabajado en periodismo, marketing y relaciones p\u00fablicas, acumulando experiencia en diversas industrias. Se siente m\u00e1s c\u00f3modo en el marketing B2B, en el sector de TI y en la descripci\u00f3n de nuevas tecnolog\u00edas al servicio de los negocios. En su tiempo libre recarga energ\u00edas en las monta\u00f1as, en bicicleta o en el gimnasio animando al equipo local de baloncesto.\",\"sameAs\":[\"https:\\\/\\\/www.linkedin.com\\\/in\\\/joanna-muszy\u0144ska-321b0973\\\/\"],\"url\":\"https:\\\/\\\/www.senetic.es\\\/blog\\\/author\\\/joanna\\\/\"}]}<\/script>\n<!-- \/ Yoast SEO plugin. -->","yoast_head_json":{"title":"- Senetic Blog IT - Microsoft, Office 365, Azure, Ubiquiti, MikroTik","description":"Microsoft introducir\u00e1 per\u00edodos de suscripci\u00f3n de tres a\u00f1os para los planes Microsoft 365 E3, E5 y Teams Enterprise en el modelo Proveedor de soluciones en la nube (CSP).","robots":{"index":"index","follow":"follow","max-snippet":"max-snippet:-1","max-image-preview":"max-image-preview:large","max-video-preview":"max-video-preview:-1"},"canonical":"https:\/\/www.senetic.es\/blog\/319,suscripciones-de-tres-anos-a-microsoft-365-e3-e5-y-teams-enterprise-en-el-modelo-csp\/","og_locale":"es_ES","og_type":"article","og_title":"- Senetic Blog IT - Microsoft, Office 365, Azure, Ubiquiti, MikroTik","og_description":"Microsoft introducir\u00e1 per\u00edodos de suscripci\u00f3n de tres a\u00f1os para los planes Microsoft 365 E3, E5 y Teams Enterprise en el modelo Proveedor de soluciones en la nube (CSP).","og_url":"https:\/\/www.senetic.es\/blog\/319,suscripciones-de-tres-anos-a-microsoft-365-e3-e5-y-teams-enterprise-en-el-modelo-csp\/","og_site_name":"Senetic Blog IT - Microsoft, Office 365, Azure, Ubiquiti, MikroTik","article_published_time":"2025-05-28T13:11:24+00:00","article_modified_time":"2025-05-28T13:12:10+00:00","og_image":[{"width":300,"height":210,"url":"https:\/\/www.senetic.es\/blog\/app\/uploads\/2025\/05\/Microsoft-6.png","type":"image\/png"}],"author":"Joanna Muszy\u0144ska","twitter_card":"summary_large_image","twitter_misc":{"Written by":"Joanna Muszy\u0144ska","Est. reading time":"4 minutes"},"schema":{"@context":"https:\/\/schema.org","@graph":[{"@type":"Article","@id":"https:\/\/www.senetic.es\/blog\/319,suscripciones-de-tres-anos-a-microsoft-365-e3-e5-y-teams-enterprise-en-el-modelo-csp\/#article","isPartOf":{"@id":"https:\/\/www.senetic.es\/blog\/319,suscripciones-de-tres-anos-a-microsoft-365-e3-e5-y-teams-enterprise-en-el-modelo-csp\/"},"author":{"name":"Joanna Muszy\u0144ska","@id":"https:\/\/www.senetic.es\/blog\/#\/schema\/person\/1f0e6a078a3fee21c69d51d16b69bf5e"},"headline":"Suscripciones de tres a\u00f1os a Microsoft 365 E3, E5 y Teams Enterprise en el modelo CSP: \u00bfqu\u00e9 significa esto para su empresa?","datePublished":"2025-05-28T13:11:24+00:00","dateModified":"2025-05-28T13:12:10+00:00","mainEntityOfPage":{"@id":"https:\/\/www.senetic.es\/blog\/319,suscripciones-de-tres-anos-a-microsoft-365-e3-e5-y-teams-enterprise-en-el-modelo-csp\/"},"wordCount":685,"commentCount":0,"image":{"@id":"https:\/\/www.senetic.es\/blog\/319,suscripciones-de-tres-anos-a-microsoft-365-e3-e5-y-teams-enterprise-en-el-modelo-csp\/#primaryimage"},"thumbnailUrl":"https:\/\/www.senetic.es\/blog\/app\/uploads\/2025\/05\/Microsoft-6.png","keywords":["Microsoft","Microsoft 365","Microsoft 365 E3","Microsoft 365 E5","Office 365"],"articleSection":["Noticias","Office 365"],"inLanguage":"es-ES","potentialAction":[{"@type":"CommentAction","name":"Comment","target":["https:\/\/www.senetic.es\/blog\/319,suscripciones-de-tres-anos-a-microsoft-365-e3-e5-y-teams-enterprise-en-el-modelo-csp\/#respond"]}]},{"@type":"WebPage","@id":"https:\/\/www.senetic.es\/blog\/319,suscripciones-de-tres-anos-a-microsoft-365-e3-e5-y-teams-enterprise-en-el-modelo-csp\/","url":"https:\/\/www.senetic.es\/blog\/319,suscripciones-de-tres-anos-a-microsoft-365-e3-e5-y-teams-enterprise-en-el-modelo-csp\/","name":"- Senetic Blog IT - Microsoft, Office 365, Azure, Ubiquiti, MikroTik","isPartOf":{"@id":"https:\/\/www.senetic.es\/blog\/#website"},"primaryImageOfPage":{"@id":"https:\/\/www.senetic.es\/blog\/319,suscripciones-de-tres-anos-a-microsoft-365-e3-e5-y-teams-enterprise-en-el-modelo-csp\/#primaryimage"},"image":{"@id":"https:\/\/www.senetic.es\/blog\/319,suscripciones-de-tres-anos-a-microsoft-365-e3-e5-y-teams-enterprise-en-el-modelo-csp\/#primaryimage"},"thumbnailUrl":"https:\/\/www.senetic.es\/blog\/app\/uploads\/2025\/05\/Microsoft-6.png","datePublished":"2025-05-28T13:11:24+00:00","dateModified":"2025-05-28T13:12:10+00:00","author":{"@id":"https:\/\/www.senetic.es\/blog\/#\/schema\/person\/1f0e6a078a3fee21c69d51d16b69bf5e"},"description":"Microsoft introducir\u00e1 per\u00edodos de suscripci\u00f3n de tres a\u00f1os para los planes Microsoft 365 E3, E5 y Teams Enterprise en el modelo Proveedor de soluciones en la nube (CSP).","inLanguage":"es-ES","potentialAction":[{"@type":"ReadAction","target":["https:\/\/www.senetic.es\/blog\/319,suscripciones-de-tres-anos-a-microsoft-365-e3-e5-y-teams-enterprise-en-el-modelo-csp\/"]}]},{"@type":"ImageObject","inLanguage":"es-ES","@id":"https:\/\/www.senetic.es\/blog\/319,suscripciones-de-tres-anos-a-microsoft-365-e3-e5-y-teams-enterprise-en-el-modelo-csp\/#primaryimage","url":"https:\/\/www.senetic.es\/blog\/app\/uploads\/2025\/05\/Microsoft-6.png","contentUrl":"https:\/\/www.senetic.es\/blog\/app\/uploads\/2025\/05\/Microsoft-6.png","width":300,"height":210},{"@type":"WebSite","@id":"https:\/\/www.senetic.es\/blog\/#website","url":"https:\/\/www.senetic.es\/blog\/","name":"Senetic Blog IT - Microsoft, Office 365, Azure, Ubiquiti, MikroTik","description":"","potentialAction":[{"@type":"SearchAction","target":{"@type":"EntryPoint","urlTemplate":"https:\/\/www.senetic.es\/blog\/?s={search_term_string}"},"query-input":{"@type":"PropertyValueSpecification","valueRequired":true,"valueName":"search_term_string"}}],"inLanguage":"es-ES"},{"@type":"Person","@id":"https:\/\/www.senetic.es\/blog\/#\/schema\/person\/1f0e6a078a3fee21c69d51d16b69bf5e","name":"Joanna Muszy\u0144ska","image":{"@type":"ImageObject","inLanguage":"es-ES","@id":"https:\/\/secure.gravatar.com\/avatar\/6ec4b9d381fedd1a75c371ef4525facb5bc3ac88743bca79b83df77408a4c803?s=96&d=mm&r=g","url":"https:\/\/secure.gravatar.com\/avatar\/6ec4b9d381fedd1a75c371ef4525facb5bc3ac88743bca79b83df77408a4c803?s=96&d=mm&r=g","contentUrl":"https:\/\/secure.gravatar.com\/avatar\/6ec4b9d381fedd1a75c371ef4525facb5bc3ac88743bca79b83df77408a4c803?s=96&d=mm&r=g","caption":"Joanna Muszy\u0144ska"},"description":"Microsoft Marketing ManagerCon m\u00e1s de 15 a\u00f1os de experiencia, ha trabajado en periodismo, marketing y relaciones p\u00fablicas, acumulando experiencia en diversas industrias. Se siente m\u00e1s c\u00f3modo en el marketing B2B, en el sector de TI y en la descripci\u00f3n de nuevas tecnolog\u00edas al servicio de los negocios. En su tiempo libre recarga energ\u00edas en las monta\u00f1as, en bicicleta o en el gimnasio animando al equipo local de baloncesto.","sameAs":["https:\/\/www.linkedin.com\/in\/joanna-muszy\u0144ska-321b0973\/"],"url":"https:\/\/www.senetic.es\/blog\/author\/joanna\/"}]}},"_links":{"self":[{"href":"https:\/\/www.senetic.es\/blog\/wp-json\/wp\/v2\/posts\/319","targetHints":{"allow":["GET"]}}],"collection":[{"href":"https:\/\/www.senetic.es\/blog\/wp-json\/wp\/v2\/posts"}],"about":[{"href":"https:\/\/www.senetic.es\/blog\/wp-json\/wp\/v2\/types\/post"}],"author":[{"embeddable":true,"href":"https:\/\/www.senetic.es\/blog\/wp-json\/wp\/v2\/users\/4"}],"replies":[{"embeddable":true,"href":"https:\/\/www.senetic.es\/blog\/wp-json\/wp\/v2\/comments?post=319"}],"version-history":[{"count":0,"href":"https:\/\/www.senetic.es\/blog\/wp-json\/wp\/v2\/posts\/319\/revisions"}],"wp:featuredmedia":[{"embeddable":true,"href":"https:\/\/www.senetic.es\/blog\/wp-json\/wp\/v2\/media\/320"}],"wp:attachment":[{"href":"https:\/\/www.senetic.es\/blog\/wp-json\/wp\/v2\/media?parent=319"}],"wp:term":[{"taxonomy":"category","embeddable":true,"href":"https:\/\/www.senetic.es\/blog\/wp-json\/wp\/v2\/categories?post=319"},{"taxonomy":"post_tag","embeddable":true,"href":"https:\/\/www.senetic.es\/blog\/wp-json\/wp\/v2\/tags?post=319"}],"curies":[{"name":"wp","href":"https:\/\/api.w.org\/{rel}","templated":true}]}}