{"id":289,"date":"2023-11-07T08:16:49","date_gmt":"2023-11-07T07:16:49","guid":{"rendered":"https:\/\/www.senetic.es\/blog\/wp\/?p=289"},"modified":"2026-03-26T15:27:01","modified_gmt":"2026-03-26T14:27:01","slug":"senetic-en-huawei-connect-paris-2023","status":"publish","type":"post","link":"https:\/\/www.senetic.es\/blog\/289,senetic-en-huawei-connect-paris-2023\/","title":{"rendered":"Senetic en Huawei Connect Par\u00eds 2023"},"content":{"rendered":"<div class=\"wp-block-image\">\n<figure class=\"alignleft size-full\"><img fetchpriority=\"high\" decoding=\"async\" width=\"300\" height=\"210\" src=\"https:\/\/www.senetic.es\/blog\/app\/uploads\/2023\/11\/Kopia-\u2013-Miniatura-na-bloga-7.png\" alt=\"Huawei Connect Paris 2023\" class=\"wp-image-290\" srcset=\"https:\/\/www.senetic.es\/blog\/app\/uploads\/2023\/11\/Kopia-\u2013-Miniatura-na-bloga-7.png 300w, https:\/\/www.senetic.es\/blog\/app\/uploads\/2023\/11\/Kopia-\u2013-Miniatura-na-bloga-7-150x105.png 150w, https:\/\/www.senetic.es\/blog\/app\/uploads\/2023\/11\/Kopia-\u2013-Miniatura-na-bloga-7-250x175.png 250w\" sizes=\"(max-width: 300px) 100vw, 300px\" \/><\/figure>\n<\/div>\n\n\n<p>Ya estamos citados en <strong>Huawei Connect 2023<\/strong>, que se celebrar\u00e1 en Par\u00eds los d\u00edas 15 y 16 de noviembre. Se trata del pr\u00f3ximo evento en el que estaremos presentes como <strong>Gold Distribution Partner de Huawei<\/strong>. Le invitamos cordialmente a seguir nuestra cobertura de la feria, donde tendremos la oportunidad de conocer de cerca las \u00faltimas tecnolog\u00edas. \u00bfQu\u00e9 m\u00e1s nos espera?<\/p>\n\n\n\n<!--more-->\n\n\n\n<p>El tema de la edici\u00f3n de este a\u00f1o de<strong> Huawei Connect Paris<\/strong> es &#8220;Acelerar juntos la transformaci\u00f3n ecol\u00f3gica y digital&#8221;. Durante el evento, se invitar\u00e1 a los participantes a compartir sus opiniones expertas y estrategias sobre c\u00f3mo utilizar las tecnolog\u00edas disponibles en los procesos de transformaci\u00f3n. Con m\u00e1s de 30 ponentes y reuniones, esta es una oportunidad \u00fanica para conocer las \u00faltimas soluciones de la industria a los retos de la transformaci\u00f3n verde y digital. Juntos, estudiaremos c\u00f3mo colaborar eficazmente con clientes y socios utilizando las<strong> \u00faltimas tecnolog\u00edas de la informaci\u00f3n y la comunicaci\u00f3n.<\/strong><\/p>\n\n\n\n<p class=\"has-text-align-center\"><strong>Para m\u00e1s informaci\u00f3n sobre Huawei Connect Paris, visite el sitio web oficial del evento:<\/strong><\/p>\n\n\n\n<div style=\"height:25px\" aria-hidden=\"true\" class=\"wp-block-spacer\"><\/div>\n\n\n\n<div class=\"wp-block-buttons is-content-justification-center is-layout-flex wp-container-core-buttons-is-layout-16018d1d wp-block-buttons-is-layout-flex\">\n<div class=\"wp-block-button\"><a class=\"wp-block-button__link wp-element-button\" href=\"https:\/\/www.huawei.com\/eu\/events\/huaweiconnect-paris#Home\" target=\"_blank\" rel=\"noreferrer noopener\">Huawei Connect Paris 2023<\/a><\/div>\n<\/div>\n\n\n\n<div style=\"height:26px\" aria-hidden=\"true\" class=\"wp-block-spacer\"><\/div>\n\n\n\n<p>Durante <strong>Huawei Connect Paris<\/strong>, los asistentes tendr\u00e1n la oportunidad de visitar alrededor de 3000m2 de espacio de exposici\u00f3n, donde se presentar\u00e1n los socios de Huawei desde hace mucho tiempo. Uno de ellos ser\u00e1 Senetic &#8211; <strong>Gold Distribution Partner<\/strong>. Nos gustar\u00eda invitarle a nuestro stand, donde tendr\u00e1 la oportunidad de familiarizarse con la cartera de <a href=\"https:\/\/www.senetic.es\/huawei\/\" target=\"_blank\" rel=\"noreferrer noopener\">productos de Huawei<\/a> disponibles en nuestra oferta y aprender un poco m\u00e1s sobre nuestras actividades en los mercados de toda Europa. Creemos que ser\u00e1 un momento valioso para intercambiar experiencias e ideas sobre c\u00f3mo utilizar las soluciones innovadoras de un fabricante <a href=\"https:\/\/www.senetic.es\/huawei\/switches\/\" target=\"_blank\" rel=\"noreferrer noopener\">de equipos de red <\/a>de categor\u00eda mundial.<\/p>\n\n\n\n<p>\u00bfNo podr\u00e1s asistir a <strong>Huawei Connect Paris 2023<\/strong>? \u00a1No se pierda nada! Sigue nuestra cobertura del evento en nuestras redes sociales:<\/p>\n\n\n\n<p class=\"has-text-align-center\"><a href=\"https:\/\/www.linkedin.com\/company\/senetic\" target=\"_blank\" rel=\"noreferrer noopener\">LinkedIn<\/a>\u00a0<br><a href=\"https:\/\/www.facebook.com\/Senetic\" target=\"_blank\" rel=\"noreferrer noopener\">Facebook<\/a>\u00a0<\/p>\n\n\n\n<p>\u00bfTiene alguna pregunta? \u00bfO necesita ayuda para elegir equipos de red? No dude en ponerse en contacto con nuestros expertos:<\/p>\n\n\n\n<p><strong>Tel.: <\/strong>+34 917 942 540<br><strong>Email: <\/strong><a href=\"mailto:networking@senetic.es\">networking@senetic.es<\/a><\/p>\n","protected":false},"excerpt":{"rendered":"<p>Ya estamos citados en Huawei Connect 2023, que se celebrar\u00e1 en Par\u00eds los d\u00edas 15 y 16 de noviembre. Se trata del pr\u00f3ximo evento en el que estaremos presentes como Gold Distribution Partner de Huawei. Le invitamos cordialmente a seguir nuestra cobertura de la feria, donde tendremos la oportunidad de conocer de cerca las \u00faltimas<\/p>\n","protected":false},"author":7,"featured_media":290,"comment_status":"open","ping_status":"open","sticky":false,"template":"","format":"standard","meta":{"footnotes":""},"categories":[1],"tags":[],"class_list":{"0":"post-289","1":"post","2":"type-post","3":"status-publish","4":"format-standard","5":"has-post-thumbnail","7":"category-noticias"},"yoast_head":"<!-- This site is optimized with the Yoast SEO plugin v27.3 - https:\/\/yoast.com\/product\/yoast-seo-wordpress\/ -->\n<title>Senetic en Huawei Connect Par\u00eds 2023 - Senetic Blog IT - Microsoft, Office 365, Azure, Ubiquiti, MikroTik<\/title>\n<meta name=\"description\" content=\"Ya estamos citados en Huawei Connect Paris 2023 los d\u00edas 15 y 16 de noviembre. Se trata del pr\u00f3ximo evento en el que estaremos presentes como Gold Distribution Partner Huawei.\" \/>\n<meta name=\"robots\" content=\"index, follow, max-snippet:-1, max-image-preview:large, max-video-preview:-1\" \/>\n<link rel=\"canonical\" href=\"https:\/\/www.senetic.es\/blog\/289,senetic-en-huawei-connect-paris-2023\/\" \/>\n<meta property=\"og:locale\" content=\"es_ES\" \/>\n<meta property=\"og:type\" content=\"article\" \/>\n<meta property=\"og:title\" content=\"Senetic en Huawei Connect Par\u00eds 2023 - Senetic Blog IT - Microsoft, Office 365, Azure, Ubiquiti, MikroTik\" \/>\n<meta property=\"og:description\" content=\"Ya estamos citados en Huawei Connect Paris 2023 los d\u00edas 15 y 16 de noviembre. Se trata del pr\u00f3ximo evento en el que estaremos presentes como Gold Distribution Partner Huawei.\" \/>\n<meta property=\"og:url\" content=\"https:\/\/www.senetic.es\/blog\/289,senetic-en-huawei-connect-paris-2023\/\" \/>\n<meta property=\"og:site_name\" content=\"Senetic Blog IT - Microsoft, Office 365, Azure, Ubiquiti, MikroTik\" \/>\n<meta property=\"article:published_time\" content=\"2023-11-07T07:16:49+00:00\" \/>\n<meta property=\"article:modified_time\" content=\"2026-03-26T14:27:01+00:00\" \/>\n<meta property=\"og:image\" content=\"https:\/\/www.senetic.es\/blog\/app\/uploads\/2023\/11\/Kopia-\u2013-Miniatura-na-bloga-7.png\" \/>\n\t<meta property=\"og:image:width\" content=\"300\" \/>\n\t<meta property=\"og:image:height\" content=\"210\" \/>\n\t<meta property=\"og:image:type\" content=\"image\/png\" \/>\n<meta name=\"author\" content=\"Redacci\u00f3n\" \/>\n<meta name=\"twitter:card\" content=\"summary_large_image\" \/>\n<meta name=\"twitter:label1\" content=\"Written by\" \/>\n\t<meta name=\"twitter:data1\" content=\"Redacci\u00f3n\" \/>\n\t<meta name=\"twitter:label2\" content=\"Est. reading time\" \/>\n\t<meta name=\"twitter:data2\" content=\"2 minutes\" \/>\n<script type=\"application\/ld+json\" class=\"yoast-schema-graph\">{\"@context\":\"https:\\\/\\\/schema.org\",\"@graph\":[{\"@type\":\"Article\",\"@id\":\"https:\\\/\\\/www.senetic.es\\\/blog\\\/289,senetic-en-huawei-connect-paris-2023\\\/#article\",\"isPartOf\":{\"@id\":\"https:\\\/\\\/www.senetic.es\\\/blog\\\/289,senetic-en-huawei-connect-paris-2023\\\/\"},\"author\":{\"name\":\"Redacci\u00f3n\",\"@id\":\"https:\\\/\\\/www.senetic.es\\\/blog\\\/#\\\/schema\\\/person\\\/66e1a1288db50054a5c4627caa14a898\"},\"headline\":\"Senetic en Huawei Connect Par\u00eds 2023\",\"datePublished\":\"2023-11-07T07:16:49+00:00\",\"dateModified\":\"2026-03-26T14:27:01+00:00\",\"mainEntityOfPage\":{\"@id\":\"https:\\\/\\\/www.senetic.es\\\/blog\\\/289,senetic-en-huawei-connect-paris-2023\\\/\"},\"wordCount\":350,\"commentCount\":0,\"image\":{\"@id\":\"https:\\\/\\\/www.senetic.es\\\/blog\\\/289,senetic-en-huawei-connect-paris-2023\\\/#primaryimage\"},\"thumbnailUrl\":\"https:\\\/\\\/www.senetic.es\\\/blog\\\/app\\\/uploads\\\/2023\\\/11\\\/Kopia-\u2013-Miniatura-na-bloga-7.png\",\"articleSection\":[\"Noticias\"],\"inLanguage\":\"es-ES\",\"potentialAction\":[{\"@type\":\"CommentAction\",\"name\":\"Comment\",\"target\":[\"https:\\\/\\\/www.senetic.es\\\/blog\\\/289,senetic-en-huawei-connect-paris-2023\\\/#respond\"]}]},{\"@type\":\"WebPage\",\"@id\":\"https:\\\/\\\/www.senetic.es\\\/blog\\\/289,senetic-en-huawei-connect-paris-2023\\\/\",\"url\":\"https:\\\/\\\/www.senetic.es\\\/blog\\\/289,senetic-en-huawei-connect-paris-2023\\\/\",\"name\":\"Senetic en Huawei Connect Par\u00eds 2023 - Senetic Blog IT - Microsoft, Office 365, Azure, Ubiquiti, MikroTik\",\"isPartOf\":{\"@id\":\"https:\\\/\\\/www.senetic.es\\\/blog\\\/#website\"},\"primaryImageOfPage\":{\"@id\":\"https:\\\/\\\/www.senetic.es\\\/blog\\\/289,senetic-en-huawei-connect-paris-2023\\\/#primaryimage\"},\"image\":{\"@id\":\"https:\\\/\\\/www.senetic.es\\\/blog\\\/289,senetic-en-huawei-connect-paris-2023\\\/#primaryimage\"},\"thumbnailUrl\":\"https:\\\/\\\/www.senetic.es\\\/blog\\\/app\\\/uploads\\\/2023\\\/11\\\/Kopia-\u2013-Miniatura-na-bloga-7.png\",\"datePublished\":\"2023-11-07T07:16:49+00:00\",\"dateModified\":\"2026-03-26T14:27:01+00:00\",\"author\":{\"@id\":\"https:\\\/\\\/www.senetic.es\\\/blog\\\/#\\\/schema\\\/person\\\/66e1a1288db50054a5c4627caa14a898\"},\"description\":\"Ya estamos citados en Huawei Connect Paris 2023 los d\u00edas 15 y 16 de noviembre. Se trata del pr\u00f3ximo evento en el que estaremos presentes como Gold Distribution Partner Huawei.\",\"inLanguage\":\"es-ES\",\"potentialAction\":[{\"@type\":\"ReadAction\",\"target\":[\"https:\\\/\\\/www.senetic.es\\\/blog\\\/289,senetic-en-huawei-connect-paris-2023\\\/\"]}]},{\"@type\":\"ImageObject\",\"inLanguage\":\"es-ES\",\"@id\":\"https:\\\/\\\/www.senetic.es\\\/blog\\\/289,senetic-en-huawei-connect-paris-2023\\\/#primaryimage\",\"url\":\"https:\\\/\\\/www.senetic.es\\\/blog\\\/app\\\/uploads\\\/2023\\\/11\\\/Kopia-\u2013-Miniatura-na-bloga-7.png\",\"contentUrl\":\"https:\\\/\\\/www.senetic.es\\\/blog\\\/app\\\/uploads\\\/2023\\\/11\\\/Kopia-\u2013-Miniatura-na-bloga-7.png\",\"width\":300,\"height\":210},{\"@type\":\"WebSite\",\"@id\":\"https:\\\/\\\/www.senetic.es\\\/blog\\\/#website\",\"url\":\"https:\\\/\\\/www.senetic.es\\\/blog\\\/\",\"name\":\"Senetic Blog IT - Microsoft, Office 365, Azure, Ubiquiti, MikroTik\",\"description\":\"\",\"potentialAction\":[{\"@type\":\"SearchAction\",\"target\":{\"@type\":\"EntryPoint\",\"urlTemplate\":\"https:\\\/\\\/www.senetic.es\\\/blog\\\/?s={search_term_string}\"},\"query-input\":{\"@type\":\"PropertyValueSpecification\",\"valueRequired\":true,\"valueName\":\"search_term_string\"}}],\"inLanguage\":\"es-ES\"},{\"@type\":\"Person\",\"@id\":\"https:\\\/\\\/www.senetic.es\\\/blog\\\/#\\\/schema\\\/person\\\/66e1a1288db50054a5c4627caa14a898\",\"name\":\"Redacci\u00f3n\",\"image\":{\"@type\":\"ImageObject\",\"inLanguage\":\"es-ES\",\"@id\":\"https:\\\/\\\/www.senetic.es\\\/blog\\\/app\\\/uploads\\\/2026\\\/03\\\/senetic-logo-1250x1250-1-96x96.png\",\"url\":\"https:\\\/\\\/www.senetic.es\\\/blog\\\/app\\\/uploads\\\/2026\\\/03\\\/senetic-logo-1250x1250-1-96x96.png\",\"contentUrl\":\"https:\\\/\\\/www.senetic.es\\\/blog\\\/app\\\/uploads\\\/2026\\\/03\\\/senetic-logo-1250x1250-1-96x96.png\",\"caption\":\"Redacci\u00f3n\"},\"description\":\"El equipo de Senetic: un grupo de expertos y entusiastas de la tecnolog\u00eda que comparten su conocimiento, an\u00e1lisis y las \u00faltimas tendencias de la industria tecnol\u00f3gica a diario. A trav\u00e9s del blog de Senetic, ofrecemos informaci\u00f3n confiable de diversas \u00e1reas tecnol\u00f3gicas, ayudando a nuestros lectores a tomar decisiones informadas en negocios y tecnolog\u00eda.\",\"url\":\"https:\\\/\\\/www.senetic.es\\\/blog\\\/author\\\/redaccion\\\/\"}]}<\/script>\n<!-- \/ Yoast SEO plugin. -->","yoast_head_json":{"title":"Senetic en Huawei Connect Par\u00eds 2023 - Senetic Blog IT - Microsoft, Office 365, Azure, Ubiquiti, MikroTik","description":"Ya estamos citados en Huawei Connect Paris 2023 los d\u00edas 15 y 16 de noviembre. Se trata del pr\u00f3ximo evento en el que estaremos presentes como Gold Distribution Partner Huawei.","robots":{"index":"index","follow":"follow","max-snippet":"max-snippet:-1","max-image-preview":"max-image-preview:large","max-video-preview":"max-video-preview:-1"},"canonical":"https:\/\/www.senetic.es\/blog\/289,senetic-en-huawei-connect-paris-2023\/","og_locale":"es_ES","og_type":"article","og_title":"Senetic en Huawei Connect Par\u00eds 2023 - Senetic Blog IT - Microsoft, Office 365, Azure, Ubiquiti, MikroTik","og_description":"Ya estamos citados en Huawei Connect Paris 2023 los d\u00edas 15 y 16 de noviembre. Se trata del pr\u00f3ximo evento en el que estaremos presentes como Gold Distribution Partner Huawei.","og_url":"https:\/\/www.senetic.es\/blog\/289,senetic-en-huawei-connect-paris-2023\/","og_site_name":"Senetic Blog IT - Microsoft, Office 365, Azure, Ubiquiti, MikroTik","article_published_time":"2023-11-07T07:16:49+00:00","article_modified_time":"2026-03-26T14:27:01+00:00","og_image":[{"width":300,"height":210,"url":"https:\/\/www.senetic.es\/blog\/app\/uploads\/2023\/11\/Kopia-\u2013-Miniatura-na-bloga-7.png","type":"image\/png"}],"author":"Redacci\u00f3n","twitter_card":"summary_large_image","twitter_misc":{"Written by":"Redacci\u00f3n","Est. reading time":"2 minutes"},"schema":{"@context":"https:\/\/schema.org","@graph":[{"@type":"Article","@id":"https:\/\/www.senetic.es\/blog\/289,senetic-en-huawei-connect-paris-2023\/#article","isPartOf":{"@id":"https:\/\/www.senetic.es\/blog\/289,senetic-en-huawei-connect-paris-2023\/"},"author":{"name":"Redacci\u00f3n","@id":"https:\/\/www.senetic.es\/blog\/#\/schema\/person\/66e1a1288db50054a5c4627caa14a898"},"headline":"Senetic en Huawei Connect Par\u00eds 2023","datePublished":"2023-11-07T07:16:49+00:00","dateModified":"2026-03-26T14:27:01+00:00","mainEntityOfPage":{"@id":"https:\/\/www.senetic.es\/blog\/289,senetic-en-huawei-connect-paris-2023\/"},"wordCount":350,"commentCount":0,"image":{"@id":"https:\/\/www.senetic.es\/blog\/289,senetic-en-huawei-connect-paris-2023\/#primaryimage"},"thumbnailUrl":"https:\/\/www.senetic.es\/blog\/app\/uploads\/2023\/11\/Kopia-\u2013-Miniatura-na-bloga-7.png","articleSection":["Noticias"],"inLanguage":"es-ES","potentialAction":[{"@type":"CommentAction","name":"Comment","target":["https:\/\/www.senetic.es\/blog\/289,senetic-en-huawei-connect-paris-2023\/#respond"]}]},{"@type":"WebPage","@id":"https:\/\/www.senetic.es\/blog\/289,senetic-en-huawei-connect-paris-2023\/","url":"https:\/\/www.senetic.es\/blog\/289,senetic-en-huawei-connect-paris-2023\/","name":"Senetic en Huawei Connect Par\u00eds 2023 - Senetic Blog IT - Microsoft, Office 365, Azure, Ubiquiti, MikroTik","isPartOf":{"@id":"https:\/\/www.senetic.es\/blog\/#website"},"primaryImageOfPage":{"@id":"https:\/\/www.senetic.es\/blog\/289,senetic-en-huawei-connect-paris-2023\/#primaryimage"},"image":{"@id":"https:\/\/www.senetic.es\/blog\/289,senetic-en-huawei-connect-paris-2023\/#primaryimage"},"thumbnailUrl":"https:\/\/www.senetic.es\/blog\/app\/uploads\/2023\/11\/Kopia-\u2013-Miniatura-na-bloga-7.png","datePublished":"2023-11-07T07:16:49+00:00","dateModified":"2026-03-26T14:27:01+00:00","author":{"@id":"https:\/\/www.senetic.es\/blog\/#\/schema\/person\/66e1a1288db50054a5c4627caa14a898"},"description":"Ya estamos citados en Huawei Connect Paris 2023 los d\u00edas 15 y 16 de noviembre. Se trata del pr\u00f3ximo evento en el que estaremos presentes como Gold Distribution Partner Huawei.","inLanguage":"es-ES","potentialAction":[{"@type":"ReadAction","target":["https:\/\/www.senetic.es\/blog\/289,senetic-en-huawei-connect-paris-2023\/"]}]},{"@type":"ImageObject","inLanguage":"es-ES","@id":"https:\/\/www.senetic.es\/blog\/289,senetic-en-huawei-connect-paris-2023\/#primaryimage","url":"https:\/\/www.senetic.es\/blog\/app\/uploads\/2023\/11\/Kopia-\u2013-Miniatura-na-bloga-7.png","contentUrl":"https:\/\/www.senetic.es\/blog\/app\/uploads\/2023\/11\/Kopia-\u2013-Miniatura-na-bloga-7.png","width":300,"height":210},{"@type":"WebSite","@id":"https:\/\/www.senetic.es\/blog\/#website","url":"https:\/\/www.senetic.es\/blog\/","name":"Senetic Blog IT - Microsoft, Office 365, Azure, Ubiquiti, MikroTik","description":"","potentialAction":[{"@type":"SearchAction","target":{"@type":"EntryPoint","urlTemplate":"https:\/\/www.senetic.es\/blog\/?s={search_term_string}"},"query-input":{"@type":"PropertyValueSpecification","valueRequired":true,"valueName":"search_term_string"}}],"inLanguage":"es-ES"},{"@type":"Person","@id":"https:\/\/www.senetic.es\/blog\/#\/schema\/person\/66e1a1288db50054a5c4627caa14a898","name":"Redacci\u00f3n","image":{"@type":"ImageObject","inLanguage":"es-ES","@id":"https:\/\/www.senetic.es\/blog\/app\/uploads\/2026\/03\/senetic-logo-1250x1250-1-96x96.png","url":"https:\/\/www.senetic.es\/blog\/app\/uploads\/2026\/03\/senetic-logo-1250x1250-1-96x96.png","contentUrl":"https:\/\/www.senetic.es\/blog\/app\/uploads\/2026\/03\/senetic-logo-1250x1250-1-96x96.png","caption":"Redacci\u00f3n"},"description":"El equipo de Senetic: un grupo de expertos y entusiastas de la tecnolog\u00eda que comparten su conocimiento, an\u00e1lisis y las \u00faltimas tendencias de la industria tecnol\u00f3gica a diario. A trav\u00e9s del blog de Senetic, ofrecemos informaci\u00f3n confiable de diversas \u00e1reas tecnol\u00f3gicas, ayudando a nuestros lectores a tomar decisiones informadas en negocios y tecnolog\u00eda.","url":"https:\/\/www.senetic.es\/blog\/author\/redaccion\/"}]}},"_links":{"self":[{"href":"https:\/\/www.senetic.es\/blog\/wp-json\/wp\/v2\/posts\/289","targetHints":{"allow":["GET"]}}],"collection":[{"href":"https:\/\/www.senetic.es\/blog\/wp-json\/wp\/v2\/posts"}],"about":[{"href":"https:\/\/www.senetic.es\/blog\/wp-json\/wp\/v2\/types\/post"}],"author":[{"embeddable":true,"href":"https:\/\/www.senetic.es\/blog\/wp-json\/wp\/v2\/users\/7"}],"replies":[{"embeddable":true,"href":"https:\/\/www.senetic.es\/blog\/wp-json\/wp\/v2\/comments?post=289"}],"version-history":[{"count":1,"href":"https:\/\/www.senetic.es\/blog\/wp-json\/wp\/v2\/posts\/289\/revisions"}],"predecessor-version":[{"id":1365,"href":"https:\/\/www.senetic.es\/blog\/wp-json\/wp\/v2\/posts\/289\/revisions\/1365"}],"wp:featuredmedia":[{"embeddable":true,"href":"https:\/\/www.senetic.es\/blog\/wp-json\/wp\/v2\/media\/290"}],"wp:attachment":[{"href":"https:\/\/www.senetic.es\/blog\/wp-json\/wp\/v2\/media?parent=289"}],"wp:term":[{"taxonomy":"category","embeddable":true,"href":"https:\/\/www.senetic.es\/blog\/wp-json\/wp\/v2\/categories?post=289"},{"taxonomy":"post_tag","embeddable":true,"href":"https:\/\/www.senetic.es\/blog\/wp-json\/wp\/v2\/tags?post=289"}],"curies":[{"name":"wp","href":"https:\/\/api.w.org\/{rel}","templated":true}]}}