{"id":232,"date":"2023-01-17T12:59:22","date_gmt":"2023-01-17T11:59:22","guid":{"rendered":"https:\/\/www.senetic.es\/blog\/wp\/?p=232"},"modified":"2026-03-26T15:28:17","modified_gmt":"2026-03-26T14:28:17","slug":"senetic-ejecuta-el-proyecto-de-migracion-global-de-los-entornos-microsoft-365-del-grupo-forterro","status":"publish","type":"post","link":"https:\/\/www.senetic.es\/blog\/232,senetic-ejecuta-el-proyecto-de-migracion-global-de-los-entornos-microsoft-365-del-grupo-forterro\/","title":{"rendered":"Senetic ejecuta el proyecto de migraci\u00f3n global de los entornos Microsoft 365 del Grupo Forterro"},"content":{"rendered":"<div class=\"wp-block-image\">\n<figure class=\"alignleft size-full\"><img fetchpriority=\"high\" decoding=\"async\" width=\"300\" height=\"210\" src=\"https:\/\/www.senetic.es\/blog\/app\/uploads\/2023\/01\/blog-informacja-prasowa.jpg\" alt=\"\" class=\"wp-image-233\" srcset=\"https:\/\/www.senetic.es\/blog\/app\/uploads\/2023\/01\/blog-informacja-prasowa.jpg 300w, https:\/\/www.senetic.es\/blog\/app\/uploads\/2023\/01\/blog-informacja-prasowa-150x105.jpg 150w, https:\/\/www.senetic.es\/blog\/app\/uploads\/2023\/01\/blog-informacja-prasowa-250x175.jpg 250w\" sizes=\"(max-width: 300px) 100vw, 300px\" \/><\/figure>\n<\/div>\n\n\n<p>Forterro est\u00e1 expandiendo de forma gradual su red de empresas en todo el mundo, y el modelo de negocio adoptado requiere de la adaptaci\u00f3n r\u00e1pida de las entidades adquiridas a los est\u00e1ndares del entorno de TI del Grupo. La migraci\u00f3n a Microsoft 365 es responsabilidad de Senetic, el cual, en su condici\u00f3n de socio global de Microsoft, es capaz de ofrecer soporte completo al proyecto desde el an\u00e1lisis hasta la migraci\u00f3n. <\/p>\n\n\n\n<!--more-->\n\n\n\n<p>Hasta la fecha, se han migrado 8 empresas de la empresa de 5 pa\u00edses. \u00a1Estas cifras siguen creciendo!<\/p>\n\n\n\n<p>Una de las empresas incluidas en Forterro, proveedor global de planificaci\u00f3n de recursos empresariales (ERP, por sus siglas en ingl\u00e9s), es BPSC, una empresa de TI polaca que dise\u00f1a e implementa soluciones ERP para dar soporte a la gesti\u00f3n empresarial. Es uno de los mayores proveedores de sistemas MRP II \/ ERP de Polonia. El producto insignia de BPSC es un sistema de IT integrado: Impuls EVO, dise\u00f1ado para empresas de producci\u00f3n de tama\u00f1o mediano y grande. En febrero de 2017, tras la adquisici\u00f3n de la participaci\u00f3n mayoritaria de la empresa, se incorpor\u00f3 al Grupo Forterro. El grupo lleva a\u00f1os en expansi\u00f3n mundialmente, adquiriendo empresas en distintas latitudes geogr\u00e1ficas. Un modelo de negocio as\u00ed implica la necesidad de una integraci\u00f3n constante e impecable de entornos de TI, especialmente dentro de las soluciones en la nube. Es al entorno Microsoft 365 de BPSC al que se han migrado todos los recursos globales de Forterro. \u2013\u00a0<em><strong>Los retos m\u00e1s importantes ejecutados por la estrategia de negocio del Grupo Forterro est\u00e1n vinculados a la migraci\u00f3n y consolidaci\u00f3n de las herramientas de TI, las cuales necesitamos centralizar de tal forma que no perturbe el funcionamiento del negocio<\/strong><\/em>, dice Jacek Wielgus, Director de Soporte al Usuario de TI de Forterro. <em>Me refiero tanto al software como a los sistemas en la nube, el hardware y, sobre todo, los procesos de TI, que requieren de una implementaci\u00f3n en los est\u00e1ndares del grupo y una r\u00e1pida adaptaci\u00f3n por parte de las empresas recientemente adquiridas<\/em>, a\u00f1ade Jacek Wielgus.<\/p>\n\n\n\n<h2 class=\"wp-block-heading\">Migraci\u00f3n global<\/h2>\n\n\n\n<p><strong>El departamento de ingenier\u00eda de Senetic lleva cuatro a\u00f1os contribuyendo a la transformaci\u00f3n digital y a las migraciones de las empresas de su portfolio en todo el mundo. Hasta ahora, Senetic ha proporcionado soporte a los proyectos de Polonia, Alemania, Francia, Suiza, E.E. U.U. y Suecia, entre otros.<\/strong>\u00a0La cooperaci\u00f3n entre las empresas comenz\u00f3 con la venta de licencias, pero qued\u00f3 claro pronto que las necesidades eran mucho mayores. \u2013\u00a0<em>La naturaleza global de nuestra organizaci\u00f3n nos permite participar en proyectos a una escala global, no solo gracias a nuestro alto grado de competencia en ingenier\u00eda, sino tambi\u00e9n a trav\u00e9s de los conocimientos que tenemos de estos mercados, o a la falta de barreras ling\u00fc\u00edsticas, ya que tenemos empleados locales en cada uno de estos pa\u00edses<\/em>, enfatiza Zsolt Potor, Director de Microsoft en Senetic. <em>Tenemos empleados con varios a\u00f1os de experiencia con Microsoft, por lo que nuestros clientes pueden estar seguros de que elegimos las mejores soluciones, no solo desde el punto de vista de coste y seguridad, sino sobretodo en t\u00e9rminos de necesidades de los usuarios finales<\/em>, a\u00f1ade Zsolt Potor.<\/p>\n\n\n\n<p><strong>Del bando de Senetic est\u00e1n todo el trabajo de dise\u00f1o, la preparaci\u00f3n de la documentaci\u00f3n y la auditor\u00eda del entorno de TI de una empresa (en la nube y locales).<\/strong>\u00a0En cada ocasi\u00f3n, el proceso comienza con una auditor\u00eda que se\u00f1ala el alcance del trabajo que necesita realizarse y los desaf\u00edos individuales, ya que cada nueva empresa que viene al grupo tiene su propio entorno sujeto a migraci\u00f3n. Senetic lleva a cabo el proceso de migraci\u00f3n de elementos individuales de Microsoft y recursos de terceros: correo, datos, v\u00eddeo y otros componentes de infraestructura: locales y en l\u00ednea. Tambi\u00e9n prepara la integraci\u00f3n con aplicaciones de terceros. \u2013\u00a0<em>Las auditor\u00edas mostraron que los entornos de empresas individuales eran muy diferentes, tanto en la nube como locales<\/em>, dice Tomasz Stojek, Director de Servicios T\u00e9cnicos de Senetic. \u2013\u00a0<em>Al realizar migraciones de correos, result\u00f3 que el correo estaba en distintas localizaciones y estaba impulsado por distintas herramientas, al igual que con los servicios de directorio. Las migraciones de datos exig\u00edan la recopilaci\u00f3n de datos desde distintos entornos: \u00abone drive\u00bb, punto de compartir o aplicaciones de terceros. Para que haya el menor impacto posible en las actividades diarias de la empresa, llevamos a cabo las migraciones los fines de semana, y el proceso completo normalmente nos toma de 4 a 5 semana<\/em>s, seg\u00fan nos dice Tomasz Stojek. Todo el proyecto se basaba en un gran n\u00famero de temas repartidos y una amplia gama de servicios de directorio que ten\u00edan que fusionarse en uno solo.\u00a0<\/p>\n\n\n\n<h2 class=\"wp-block-heading\">El proceso sigue activo<\/h2>\n\n\n\n<p>El proceso de migraci\u00f3n es continuo y permanece activo a lo largo de todo el proyecto, incrementando los recursos a medida que crece el grupo. Gracias al soporte de una empresa como Senetic, toda la amplia estructura de Forterro tiene una arquitectura de TI unificada y organizada. \u2013\u00a0<em>Llevamos cooperando varios a\u00f1os y tenemos confianza entre nosotros<\/em>, recalca Jacek Wielgus del Grupo Forterro. <em>Senetic es flexible y responde a los requisitos cambiantes de Forterro en funci\u00f3n de las necesidades de los negocios y tecnolog\u00edas actuales. Proporciona una experiencia \u00fanica al prestar soporte tecnol\u00f3gico al departamento interno de TI. Tales sinergias nos permiten mejorar los procesos de TI constantemente tanto del lado de Forterro como de Senetic<\/em>, a\u00f1ade Jacek Wielgus.<\/p>\n\n\n\n<p>El Grupo Forterro ha anunciado que el proyecto de migraci\u00f3n continuar\u00e1 con el apoyo de expertos de Senetic. Se ha iniciado el trabajo para migrar otra empresa en estos momentos, esta vez en Suecia. De aqu\u00ed a final de a\u00f1o se han planificado an\u00e1lisis para m\u00e1s entornos de empresas consolidadas, las cuales pasar\u00e1n por el proceso de unificar la infraestructura de TI y alinearla con las necesidades de todo el grupo. El \u00e9xito del proyecto se basa en las colaboraciones y en el uso de los conocimientos pr\u00e1cticos y altamente especializados de la empresa polaca. El conocimiento y la experiencia expertos es lo que le permite a Senetic satisfacer las necesidades de empresas globales, tales como las del Grupo Forterro.<\/p>\n","protected":false},"excerpt":{"rendered":"<p>Forterro est\u00e1 expandiendo de forma gradual su red de empresas en todo el mundo, y el modelo de negocio adoptado requiere de la adaptaci\u00f3n r\u00e1pida de las entidades adquiridas a los est\u00e1ndares del entorno de TI del Grupo. La migraci\u00f3n a Microsoft 365 es responsabilidad de Senetic, el cual, en su condici\u00f3n de socio global<\/p>\n","protected":false},"author":7,"featured_media":233,"comment_status":"open","ping_status":"open","sticky":false,"template":"","format":"standard","meta":{"footnotes":""},"categories":[31],"tags":[],"class_list":{"0":"post-232","1":"post","2":"type-post","3":"status-publish","4":"format-standard","5":"has-post-thumbnail","7":"category-office-365"},"yoast_head":"<!-- This site is optimized with the Yoast SEO plugin v27.3 - https:\/\/yoast.com\/product\/yoast-seo-wordpress\/ -->\n<title>Senetic ejecuta el proyecto de migraci\u00f3n global de los entornos Microsoft 365 del Grupo Forterro - Senetic Blog IT - Microsoft, Office 365, Azure, Ubiquiti, MikroTik<\/title>\n<meta name=\"description\" content=\"La migraci\u00f3n a Microsoft 365 es responsabilidad de Senetic, el cual, en su condici\u00f3n de socio global de Microsoft, es capaz de ofrecer soporte completo al proyecto desde el an\u00e1lisis hasta la migraci\u00f3n.\" \/>\n<meta name=\"robots\" content=\"index, follow, max-snippet:-1, max-image-preview:large, max-video-preview:-1\" \/>\n<link rel=\"canonical\" href=\"https:\/\/www.senetic.es\/blog\/232,senetic-ejecuta-el-proyecto-de-migracion-global-de-los-entornos-microsoft-365-del-grupo-forterro\/\" \/>\n<meta property=\"og:locale\" content=\"es_ES\" \/>\n<meta property=\"og:type\" content=\"article\" \/>\n<meta property=\"og:title\" content=\"Senetic ejecuta el proyecto de migraci\u00f3n global de los entornos Microsoft 365 del Grupo Forterro - Senetic Blog IT - Microsoft, Office 365, Azure, Ubiquiti, MikroTik\" \/>\n<meta property=\"og:description\" content=\"La migraci\u00f3n a Microsoft 365 es responsabilidad de Senetic, el cual, en su condici\u00f3n de socio global de Microsoft, es capaz de ofrecer soporte completo al proyecto desde el an\u00e1lisis hasta la migraci\u00f3n.\" \/>\n<meta property=\"og:url\" content=\"https:\/\/www.senetic.es\/blog\/232,senetic-ejecuta-el-proyecto-de-migracion-global-de-los-entornos-microsoft-365-del-grupo-forterro\/\" \/>\n<meta property=\"og:site_name\" content=\"Senetic Blog IT - Microsoft, Office 365, Azure, Ubiquiti, MikroTik\" \/>\n<meta property=\"article:published_time\" content=\"2023-01-17T11:59:22+00:00\" \/>\n<meta property=\"article:modified_time\" content=\"2026-03-26T14:28:17+00:00\" \/>\n<meta property=\"og:image\" content=\"https:\/\/www.senetic.es\/blog\/app\/uploads\/2023\/01\/blog-informacja-prasowa.jpg\" \/>\n\t<meta property=\"og:image:width\" content=\"300\" \/>\n\t<meta property=\"og:image:height\" content=\"210\" \/>\n\t<meta property=\"og:image:type\" content=\"image\/jpeg\" \/>\n<meta name=\"author\" content=\"Redacci\u00f3n\" \/>\n<meta name=\"twitter:card\" content=\"summary_large_image\" \/>\n<meta name=\"twitter:label1\" content=\"Written by\" \/>\n\t<meta name=\"twitter:data1\" content=\"Redacci\u00f3n\" \/>\n\t<meta name=\"twitter:label2\" content=\"Est. reading time\" \/>\n\t<meta name=\"twitter:data2\" content=\"5 minutes\" \/>\n<script type=\"application\/ld+json\" class=\"yoast-schema-graph\">{\"@context\":\"https:\\\/\\\/schema.org\",\"@graph\":[{\"@type\":\"Article\",\"@id\":\"https:\\\/\\\/www.senetic.es\\\/blog\\\/232,senetic-ejecuta-el-proyecto-de-migracion-global-de-los-entornos-microsoft-365-del-grupo-forterro\\\/#article\",\"isPartOf\":{\"@id\":\"https:\\\/\\\/www.senetic.es\\\/blog\\\/232,senetic-ejecuta-el-proyecto-de-migracion-global-de-los-entornos-microsoft-365-del-grupo-forterro\\\/\"},\"author\":{\"name\":\"Redacci\u00f3n\",\"@id\":\"https:\\\/\\\/www.senetic.es\\\/blog\\\/#\\\/schema\\\/person\\\/66e1a1288db50054a5c4627caa14a898\"},\"headline\":\"Senetic ejecuta el proyecto de migraci\u00f3n global de los entornos Microsoft 365 del Grupo Forterro\",\"datePublished\":\"2023-01-17T11:59:22+00:00\",\"dateModified\":\"2026-03-26T14:28:17+00:00\",\"mainEntityOfPage\":{\"@id\":\"https:\\\/\\\/www.senetic.es\\\/blog\\\/232,senetic-ejecuta-el-proyecto-de-migracion-global-de-los-entornos-microsoft-365-del-grupo-forterro\\\/\"},\"wordCount\":1096,\"commentCount\":0,\"image\":{\"@id\":\"https:\\\/\\\/www.senetic.es\\\/blog\\\/232,senetic-ejecuta-el-proyecto-de-migracion-global-de-los-entornos-microsoft-365-del-grupo-forterro\\\/#primaryimage\"},\"thumbnailUrl\":\"https:\\\/\\\/www.senetic.es\\\/blog\\\/app\\\/uploads\\\/2023\\\/01\\\/blog-informacja-prasowa.jpg\",\"articleSection\":[\"Office 365\"],\"inLanguage\":\"es-ES\",\"potentialAction\":[{\"@type\":\"CommentAction\",\"name\":\"Comment\",\"target\":[\"https:\\\/\\\/www.senetic.es\\\/blog\\\/232,senetic-ejecuta-el-proyecto-de-migracion-global-de-los-entornos-microsoft-365-del-grupo-forterro\\\/#respond\"]}]},{\"@type\":\"WebPage\",\"@id\":\"https:\\\/\\\/www.senetic.es\\\/blog\\\/232,senetic-ejecuta-el-proyecto-de-migracion-global-de-los-entornos-microsoft-365-del-grupo-forterro\\\/\",\"url\":\"https:\\\/\\\/www.senetic.es\\\/blog\\\/232,senetic-ejecuta-el-proyecto-de-migracion-global-de-los-entornos-microsoft-365-del-grupo-forterro\\\/\",\"name\":\"Senetic ejecuta el proyecto de migraci\u00f3n global de los entornos Microsoft 365 del Grupo Forterro - Senetic Blog IT - Microsoft, Office 365, Azure, Ubiquiti, MikroTik\",\"isPartOf\":{\"@id\":\"https:\\\/\\\/www.senetic.es\\\/blog\\\/#website\"},\"primaryImageOfPage\":{\"@id\":\"https:\\\/\\\/www.senetic.es\\\/blog\\\/232,senetic-ejecuta-el-proyecto-de-migracion-global-de-los-entornos-microsoft-365-del-grupo-forterro\\\/#primaryimage\"},\"image\":{\"@id\":\"https:\\\/\\\/www.senetic.es\\\/blog\\\/232,senetic-ejecuta-el-proyecto-de-migracion-global-de-los-entornos-microsoft-365-del-grupo-forterro\\\/#primaryimage\"},\"thumbnailUrl\":\"https:\\\/\\\/www.senetic.es\\\/blog\\\/app\\\/uploads\\\/2023\\\/01\\\/blog-informacja-prasowa.jpg\",\"datePublished\":\"2023-01-17T11:59:22+00:00\",\"dateModified\":\"2026-03-26T14:28:17+00:00\",\"author\":{\"@id\":\"https:\\\/\\\/www.senetic.es\\\/blog\\\/#\\\/schema\\\/person\\\/66e1a1288db50054a5c4627caa14a898\"},\"description\":\"La migraci\u00f3n a Microsoft 365 es responsabilidad de Senetic, el cual, en su condici\u00f3n de socio global de Microsoft, es capaz de ofrecer soporte completo al proyecto desde el an\u00e1lisis hasta la migraci\u00f3n.\",\"inLanguage\":\"es-ES\",\"potentialAction\":[{\"@type\":\"ReadAction\",\"target\":[\"https:\\\/\\\/www.senetic.es\\\/blog\\\/232,senetic-ejecuta-el-proyecto-de-migracion-global-de-los-entornos-microsoft-365-del-grupo-forterro\\\/\"]}]},{\"@type\":\"ImageObject\",\"inLanguage\":\"es-ES\",\"@id\":\"https:\\\/\\\/www.senetic.es\\\/blog\\\/232,senetic-ejecuta-el-proyecto-de-migracion-global-de-los-entornos-microsoft-365-del-grupo-forterro\\\/#primaryimage\",\"url\":\"https:\\\/\\\/www.senetic.es\\\/blog\\\/app\\\/uploads\\\/2023\\\/01\\\/blog-informacja-prasowa.jpg\",\"contentUrl\":\"https:\\\/\\\/www.senetic.es\\\/blog\\\/app\\\/uploads\\\/2023\\\/01\\\/blog-informacja-prasowa.jpg\",\"width\":300,\"height\":210},{\"@type\":\"WebSite\",\"@id\":\"https:\\\/\\\/www.senetic.es\\\/blog\\\/#website\",\"url\":\"https:\\\/\\\/www.senetic.es\\\/blog\\\/\",\"name\":\"Senetic Blog IT - Microsoft, Office 365, Azure, Ubiquiti, MikroTik\",\"description\":\"\",\"potentialAction\":[{\"@type\":\"SearchAction\",\"target\":{\"@type\":\"EntryPoint\",\"urlTemplate\":\"https:\\\/\\\/www.senetic.es\\\/blog\\\/?s={search_term_string}\"},\"query-input\":{\"@type\":\"PropertyValueSpecification\",\"valueRequired\":true,\"valueName\":\"search_term_string\"}}],\"inLanguage\":\"es-ES\"},{\"@type\":\"Person\",\"@id\":\"https:\\\/\\\/www.senetic.es\\\/blog\\\/#\\\/schema\\\/person\\\/66e1a1288db50054a5c4627caa14a898\",\"name\":\"Redacci\u00f3n\",\"image\":{\"@type\":\"ImageObject\",\"inLanguage\":\"es-ES\",\"@id\":\"https:\\\/\\\/www.senetic.es\\\/blog\\\/app\\\/uploads\\\/2026\\\/03\\\/senetic-logo-1250x1250-1-96x96.png\",\"url\":\"https:\\\/\\\/www.senetic.es\\\/blog\\\/app\\\/uploads\\\/2026\\\/03\\\/senetic-logo-1250x1250-1-96x96.png\",\"contentUrl\":\"https:\\\/\\\/www.senetic.es\\\/blog\\\/app\\\/uploads\\\/2026\\\/03\\\/senetic-logo-1250x1250-1-96x96.png\",\"caption\":\"Redacci\u00f3n\"},\"description\":\"El equipo de Senetic: un grupo de expertos y entusiastas de la tecnolog\u00eda que comparten su conocimiento, an\u00e1lisis y las \u00faltimas tendencias de la industria tecnol\u00f3gica a diario. A trav\u00e9s del blog de Senetic, ofrecemos informaci\u00f3n confiable de diversas \u00e1reas tecnol\u00f3gicas, ayudando a nuestros lectores a tomar decisiones informadas en negocios y tecnolog\u00eda.\",\"url\":\"https:\\\/\\\/www.senetic.es\\\/blog\\\/author\\\/redaccion\\\/\"}]}<\/script>\n<!-- \/ Yoast SEO plugin. -->","yoast_head_json":{"title":"Senetic ejecuta el proyecto de migraci\u00f3n global de los entornos Microsoft 365 del Grupo Forterro - Senetic Blog IT - Microsoft, Office 365, Azure, Ubiquiti, MikroTik","description":"La migraci\u00f3n a Microsoft 365 es responsabilidad de Senetic, el cual, en su condici\u00f3n de socio global de Microsoft, es capaz de ofrecer soporte completo al proyecto desde el an\u00e1lisis hasta la migraci\u00f3n.","robots":{"index":"index","follow":"follow","max-snippet":"max-snippet:-1","max-image-preview":"max-image-preview:large","max-video-preview":"max-video-preview:-1"},"canonical":"https:\/\/www.senetic.es\/blog\/232,senetic-ejecuta-el-proyecto-de-migracion-global-de-los-entornos-microsoft-365-del-grupo-forterro\/","og_locale":"es_ES","og_type":"article","og_title":"Senetic ejecuta el proyecto de migraci\u00f3n global de los entornos Microsoft 365 del Grupo Forterro - Senetic Blog IT - Microsoft, Office 365, Azure, Ubiquiti, MikroTik","og_description":"La migraci\u00f3n a Microsoft 365 es responsabilidad de Senetic, el cual, en su condici\u00f3n de socio global de Microsoft, es capaz de ofrecer soporte completo al proyecto desde el an\u00e1lisis hasta la migraci\u00f3n.","og_url":"https:\/\/www.senetic.es\/blog\/232,senetic-ejecuta-el-proyecto-de-migracion-global-de-los-entornos-microsoft-365-del-grupo-forterro\/","og_site_name":"Senetic Blog IT - Microsoft, Office 365, Azure, Ubiquiti, MikroTik","article_published_time":"2023-01-17T11:59:22+00:00","article_modified_time":"2026-03-26T14:28:17+00:00","og_image":[{"width":300,"height":210,"url":"https:\/\/www.senetic.es\/blog\/app\/uploads\/2023\/01\/blog-informacja-prasowa.jpg","type":"image\/jpeg"}],"author":"Redacci\u00f3n","twitter_card":"summary_large_image","twitter_misc":{"Written by":"Redacci\u00f3n","Est. reading time":"5 minutes"},"schema":{"@context":"https:\/\/schema.org","@graph":[{"@type":"Article","@id":"https:\/\/www.senetic.es\/blog\/232,senetic-ejecuta-el-proyecto-de-migracion-global-de-los-entornos-microsoft-365-del-grupo-forterro\/#article","isPartOf":{"@id":"https:\/\/www.senetic.es\/blog\/232,senetic-ejecuta-el-proyecto-de-migracion-global-de-los-entornos-microsoft-365-del-grupo-forterro\/"},"author":{"name":"Redacci\u00f3n","@id":"https:\/\/www.senetic.es\/blog\/#\/schema\/person\/66e1a1288db50054a5c4627caa14a898"},"headline":"Senetic ejecuta el proyecto de migraci\u00f3n global de los entornos Microsoft 365 del Grupo Forterro","datePublished":"2023-01-17T11:59:22+00:00","dateModified":"2026-03-26T14:28:17+00:00","mainEntityOfPage":{"@id":"https:\/\/www.senetic.es\/blog\/232,senetic-ejecuta-el-proyecto-de-migracion-global-de-los-entornos-microsoft-365-del-grupo-forterro\/"},"wordCount":1096,"commentCount":0,"image":{"@id":"https:\/\/www.senetic.es\/blog\/232,senetic-ejecuta-el-proyecto-de-migracion-global-de-los-entornos-microsoft-365-del-grupo-forterro\/#primaryimage"},"thumbnailUrl":"https:\/\/www.senetic.es\/blog\/app\/uploads\/2023\/01\/blog-informacja-prasowa.jpg","articleSection":["Office 365"],"inLanguage":"es-ES","potentialAction":[{"@type":"CommentAction","name":"Comment","target":["https:\/\/www.senetic.es\/blog\/232,senetic-ejecuta-el-proyecto-de-migracion-global-de-los-entornos-microsoft-365-del-grupo-forterro\/#respond"]}]},{"@type":"WebPage","@id":"https:\/\/www.senetic.es\/blog\/232,senetic-ejecuta-el-proyecto-de-migracion-global-de-los-entornos-microsoft-365-del-grupo-forterro\/","url":"https:\/\/www.senetic.es\/blog\/232,senetic-ejecuta-el-proyecto-de-migracion-global-de-los-entornos-microsoft-365-del-grupo-forterro\/","name":"Senetic ejecuta el proyecto de migraci\u00f3n global de los entornos Microsoft 365 del Grupo Forterro - Senetic Blog IT - Microsoft, Office 365, Azure, Ubiquiti, MikroTik","isPartOf":{"@id":"https:\/\/www.senetic.es\/blog\/#website"},"primaryImageOfPage":{"@id":"https:\/\/www.senetic.es\/blog\/232,senetic-ejecuta-el-proyecto-de-migracion-global-de-los-entornos-microsoft-365-del-grupo-forterro\/#primaryimage"},"image":{"@id":"https:\/\/www.senetic.es\/blog\/232,senetic-ejecuta-el-proyecto-de-migracion-global-de-los-entornos-microsoft-365-del-grupo-forterro\/#primaryimage"},"thumbnailUrl":"https:\/\/www.senetic.es\/blog\/app\/uploads\/2023\/01\/blog-informacja-prasowa.jpg","datePublished":"2023-01-17T11:59:22+00:00","dateModified":"2026-03-26T14:28:17+00:00","author":{"@id":"https:\/\/www.senetic.es\/blog\/#\/schema\/person\/66e1a1288db50054a5c4627caa14a898"},"description":"La migraci\u00f3n a Microsoft 365 es responsabilidad de Senetic, el cual, en su condici\u00f3n de socio global de Microsoft, es capaz de ofrecer soporte completo al proyecto desde el an\u00e1lisis hasta la migraci\u00f3n.","inLanguage":"es-ES","potentialAction":[{"@type":"ReadAction","target":["https:\/\/www.senetic.es\/blog\/232,senetic-ejecuta-el-proyecto-de-migracion-global-de-los-entornos-microsoft-365-del-grupo-forterro\/"]}]},{"@type":"ImageObject","inLanguage":"es-ES","@id":"https:\/\/www.senetic.es\/blog\/232,senetic-ejecuta-el-proyecto-de-migracion-global-de-los-entornos-microsoft-365-del-grupo-forterro\/#primaryimage","url":"https:\/\/www.senetic.es\/blog\/app\/uploads\/2023\/01\/blog-informacja-prasowa.jpg","contentUrl":"https:\/\/www.senetic.es\/blog\/app\/uploads\/2023\/01\/blog-informacja-prasowa.jpg","width":300,"height":210},{"@type":"WebSite","@id":"https:\/\/www.senetic.es\/blog\/#website","url":"https:\/\/www.senetic.es\/blog\/","name":"Senetic Blog IT - Microsoft, Office 365, Azure, Ubiquiti, MikroTik","description":"","potentialAction":[{"@type":"SearchAction","target":{"@type":"EntryPoint","urlTemplate":"https:\/\/www.senetic.es\/blog\/?s={search_term_string}"},"query-input":{"@type":"PropertyValueSpecification","valueRequired":true,"valueName":"search_term_string"}}],"inLanguage":"es-ES"},{"@type":"Person","@id":"https:\/\/www.senetic.es\/blog\/#\/schema\/person\/66e1a1288db50054a5c4627caa14a898","name":"Redacci\u00f3n","image":{"@type":"ImageObject","inLanguage":"es-ES","@id":"https:\/\/www.senetic.es\/blog\/app\/uploads\/2026\/03\/senetic-logo-1250x1250-1-96x96.png","url":"https:\/\/www.senetic.es\/blog\/app\/uploads\/2026\/03\/senetic-logo-1250x1250-1-96x96.png","contentUrl":"https:\/\/www.senetic.es\/blog\/app\/uploads\/2026\/03\/senetic-logo-1250x1250-1-96x96.png","caption":"Redacci\u00f3n"},"description":"El equipo de Senetic: un grupo de expertos y entusiastas de la tecnolog\u00eda que comparten su conocimiento, an\u00e1lisis y las \u00faltimas tendencias de la industria tecnol\u00f3gica a diario. A trav\u00e9s del blog de Senetic, ofrecemos informaci\u00f3n confiable de diversas \u00e1reas tecnol\u00f3gicas, ayudando a nuestros lectores a tomar decisiones informadas en negocios y tecnolog\u00eda.","url":"https:\/\/www.senetic.es\/blog\/author\/redaccion\/"}]}},"_links":{"self":[{"href":"https:\/\/www.senetic.es\/blog\/wp-json\/wp\/v2\/posts\/232","targetHints":{"allow":["GET"]}}],"collection":[{"href":"https:\/\/www.senetic.es\/blog\/wp-json\/wp\/v2\/posts"}],"about":[{"href":"https:\/\/www.senetic.es\/blog\/wp-json\/wp\/v2\/types\/post"}],"author":[{"embeddable":true,"href":"https:\/\/www.senetic.es\/blog\/wp-json\/wp\/v2\/users\/7"}],"replies":[{"embeddable":true,"href":"https:\/\/www.senetic.es\/blog\/wp-json\/wp\/v2\/comments?post=232"}],"version-history":[{"count":1,"href":"https:\/\/www.senetic.es\/blog\/wp-json\/wp\/v2\/posts\/232\/revisions"}],"predecessor-version":[{"id":1378,"href":"https:\/\/www.senetic.es\/blog\/wp-json\/wp\/v2\/posts\/232\/revisions\/1378"}],"wp:featuredmedia":[{"embeddable":true,"href":"https:\/\/www.senetic.es\/blog\/wp-json\/wp\/v2\/media\/233"}],"wp:attachment":[{"href":"https:\/\/www.senetic.es\/blog\/wp-json\/wp\/v2\/media?parent=232"}],"wp:term":[{"taxonomy":"category","embeddable":true,"href":"https:\/\/www.senetic.es\/blog\/wp-json\/wp\/v2\/categories?post=232"},{"taxonomy":"post_tag","embeddable":true,"href":"https:\/\/www.senetic.es\/blog\/wp-json\/wp\/v2\/tags?post=232"}],"curies":[{"name":"wp","href":"https:\/\/api.w.org\/{rel}","templated":true}]}}