{"id":228,"date":"2023-01-10T13:38:14","date_gmt":"2023-01-10T12:38:14","guid":{"rendered":"https:\/\/www.senetic.es\/blog\/wp\/?p=228"},"modified":"2026-03-26T15:28:22","modified_gmt":"2026-03-26T14:28:22","slug":"microsoft-protege-los-datos-de-las-pequenas-y-medianas-empresas","status":"publish","type":"post","link":"https:\/\/www.senetic.es\/blog\/228,microsoft-protege-los-datos-de-las-pequenas-y-medianas-empresas\/","title":{"rendered":"Microsoft protege los datos de las peque\u00f1as y medianas empresas"},"content":{"rendered":"<div class=\"wp-block-image\">\n<figure class=\"alignleft size-full\"><img fetchpriority=\"high\" decoding=\"async\" width=\"300\" height=\"210\" src=\"https:\/\/www.senetic.es\/blog\/app\/uploads\/2023\/01\/MAR-10227-Grafika-microsoft-blog.jpg\" alt=\"Microsoft\" class=\"wp-image-230\" srcset=\"https:\/\/www.senetic.es\/blog\/app\/uploads\/2023\/01\/MAR-10227-Grafika-microsoft-blog.jpg 300w, https:\/\/www.senetic.es\/blog\/app\/uploads\/2023\/01\/MAR-10227-Grafika-microsoft-blog-150x105.jpg 150w, https:\/\/www.senetic.es\/blog\/app\/uploads\/2023\/01\/MAR-10227-Grafika-microsoft-blog-250x175.jpg 250w\" sizes=\"(max-width: 300px) 100vw, 300px\" \/><\/figure>\n<\/div>\n\n\n<p>M\u00e1s del 70% de las peque\u00f1as y medianas empresas afirmaron que las ciber ataques se est\u00e1n convirtiendo en un riesgo cada vez mayor. Casi una de cada cuatro PYMES , afirma de haber experimentado una vulnerabilidad de seguridad en el \u00faltimo a\u00f1o; lo que ha significado una preocupaci\u00f3n constante para la empresas.<\/p>\n\n\n\n<!--more-->\n\n\n\n<p>De hecho, el n\u00famero de ataques de ransomware se han incrementado en m\u00e1s del 300%, de los cuales m\u00e1s de la mitad se han dirigido a peque\u00f1as empresas*.<\/p>\n\n\n\n<p>Si bien, las peque\u00f1as empresas se enfrentan a similares amenazas que&nbsp; las grandes compa\u00f1\u00edas, frecuentemente, carecen de recursos y herramientas adecuados. Muchas peque\u00f1as y medianas empresas siguen confiando en las soluciones antivirus tradicionales para su seguridad. &nbsp;Microsoft decidi\u00f3 abordar estos problemas y en mayo de 2022 lanz\u00f3 una nueva licencia independiente: Microsoft Defender para empresas.<\/p>\n\n\n\n<p>Microsoft Defender for Business es una nueva soluci\u00f3n de seguridad end Point, &nbsp;dise\u00f1ada espec\u00edficamente para peque\u00f1as y medianas empresas (hasta 300 empleados). Con esta soluci\u00f3n, los dispositivos empresariales est\u00e1n mejor protegidos contra el ransomware, el malware, el phishing y otras amenazas.<\/p>\n\n\n\n<h2 class=\"wp-block-heading\"><strong>Seguridad de nivel empresarial<\/strong><\/h2>\n\n\n\n<p>Defender for Business proporciona protecci\u00f3n, detecci\u00f3n y respuesta en varios niveles, cubriendo las cinco fases del marco de ciberseguridad:<\/p>\n\n\n\n<ul class=\"wp-block-list\">\n<li>identificaci\u00f3n<\/li>\n\n\n\n<li>protecci\u00f3n<\/li>\n\n\n\n<li>detecci\u00f3n,<\/li>\n\n\n\n<li>respuesta y recuperaci\u00f3n: para proteger y recuperarse de amenazas conocidas y desconocidas.<\/li>\n<\/ul>\n\n\n\n<h2 class=\"wp-block-heading\"><strong>Una soluci\u00f3n de seguridad f\u00e1cil de usar<\/strong><\/h2>\n\n\n\n<p>Defender for Business ofrece funciones simplificadas que gu\u00edan al usuario a la acci\u00f3n con consejos y conocimientos sobre la seguridad de los end point. No se necesita un conocimiento especializado, ya que Defender for Business ofrece una configuraci\u00f3n guiada y pol\u00edticas de seguridad predefinidas dise\u00f1adas para proteger sus dispositivos empresariales desde el primer d\u00eda.<\/p>\n\n\n\n<h2 class=\"wp-block-heading\"><strong>Flexibilidad para su entorno<\/strong><\/h2>\n\n\n\n<p>Defender for Business puede funcionar con su entorno empresarial, &nbsp;ya sea que utilice Microsoft Intune o sea la primera vez que utilice Microsoft Cloud. Defender for Business funciona con componentes integrados de Windows y aplicaciones para macOS, iOS y Android.<\/p>\n\n\n\n<p>No se requiere una suscripci\u00f3n a Microsoft 365 para adquirir y utilizar Microsoft Defender for Business. Microsoft Defender for Business est\u00e1 incluido en Microsoft 365 Business Premium y est\u00e1 disponible como soluci\u00f3n de seguridad independiente para peque\u00f1as y medianas empresas. Si ya dispone de Microsoft 365 Business Basic o Standard, considere la posibilidad de actualizar a Microsoft 365 Business Premium o de a\u00f1adir Microsoft Defender for Business para obtener m\u00e1s funciones de protecci\u00f3n contra amenazas.<\/p>\n\n\n\n<p>*Alejandro Mayorkas; Agencia de Ciberseguridad y Seguridad de las Infraestructuras del Departamento de Seguridad Nacional; mayo, 2021.<\/p>\n","protected":false},"excerpt":{"rendered":"<p>M\u00e1s del 70% de las peque\u00f1as y medianas empresas afirmaron que las ciber ataques se est\u00e1n convirtiendo en un riesgo cada vez mayor. Casi una de cada cuatro PYMES , afirma de haber experimentado una vulnerabilidad de seguridad en el \u00faltimo a\u00f1o; lo que ha significado una preocupaci\u00f3n constante para la empresas.<\/p>\n","protected":false},"author":7,"featured_media":230,"comment_status":"open","ping_status":"open","sticky":false,"template":"","format":"standard","meta":{"footnotes":""},"categories":[1],"tags":[],"class_list":{"0":"post-228","1":"post","2":"type-post","3":"status-publish","4":"format-standard","5":"has-post-thumbnail","7":"category-noticias"},"yoast_head":"<!-- This site is optimized with the Yoast SEO plugin v27.3 - https:\/\/yoast.com\/product\/yoast-seo-wordpress\/ -->\n<title>Microsoft protege los datos de las peque\u00f1as y medianas empresas - Senetic Blog IT - Microsoft, Office 365, Azure, Ubiquiti, MikroTik<\/title>\n<meta name=\"description\" content=\"M\u00e1s del 70% de las peque\u00f1as y medianas empresas afirmaron que las ciber ataques se est\u00e1n convirtiendo en un riesgo cada vez mayor.\" \/>\n<meta name=\"robots\" content=\"index, follow, max-snippet:-1, max-image-preview:large, max-video-preview:-1\" \/>\n<link rel=\"canonical\" href=\"https:\/\/www.senetic.es\/blog\/228,microsoft-protege-los-datos-de-las-pequenas-y-medianas-empresas\/\" \/>\n<meta property=\"og:locale\" content=\"es_ES\" \/>\n<meta property=\"og:type\" content=\"article\" \/>\n<meta property=\"og:title\" content=\"Microsoft protege los datos de las peque\u00f1as y medianas empresas - Senetic Blog IT - Microsoft, Office 365, Azure, Ubiquiti, MikroTik\" \/>\n<meta property=\"og:description\" content=\"M\u00e1s del 70% de las peque\u00f1as y medianas empresas afirmaron que las ciber ataques se est\u00e1n convirtiendo en un riesgo cada vez mayor.\" \/>\n<meta property=\"og:url\" content=\"https:\/\/www.senetic.es\/blog\/228,microsoft-protege-los-datos-de-las-pequenas-y-medianas-empresas\/\" \/>\n<meta property=\"og:site_name\" content=\"Senetic Blog IT - Microsoft, Office 365, Azure, Ubiquiti, MikroTik\" \/>\n<meta property=\"article:published_time\" content=\"2023-01-10T12:38:14+00:00\" \/>\n<meta property=\"article:modified_time\" content=\"2026-03-26T14:28:22+00:00\" \/>\n<meta property=\"og:image\" content=\"https:\/\/www.senetic.es\/blog\/app\/uploads\/2023\/01\/MAR-10227-Grafika-microsoft-blog.jpg\" \/>\n\t<meta property=\"og:image:width\" content=\"300\" \/>\n\t<meta property=\"og:image:height\" content=\"210\" \/>\n\t<meta property=\"og:image:type\" content=\"image\/jpeg\" \/>\n<meta name=\"author\" content=\"Redacci\u00f3n\" \/>\n<meta name=\"twitter:card\" content=\"summary_large_image\" \/>\n<meta name=\"twitter:label1\" content=\"Written by\" \/>\n\t<meta name=\"twitter:data1\" content=\"Redacci\u00f3n\" \/>\n\t<meta name=\"twitter:label2\" content=\"Est. reading time\" \/>\n\t<meta name=\"twitter:data2\" content=\"3 minutes\" \/>\n<script type=\"application\/ld+json\" class=\"yoast-schema-graph\">{\"@context\":\"https:\\\/\\\/schema.org\",\"@graph\":[{\"@type\":\"Article\",\"@id\":\"https:\\\/\\\/www.senetic.es\\\/blog\\\/228,microsoft-protege-los-datos-de-las-pequenas-y-medianas-empresas\\\/#article\",\"isPartOf\":{\"@id\":\"https:\\\/\\\/www.senetic.es\\\/blog\\\/228,microsoft-protege-los-datos-de-las-pequenas-y-medianas-empresas\\\/\"},\"author\":{\"name\":\"Redacci\u00f3n\",\"@id\":\"https:\\\/\\\/www.senetic.es\\\/blog\\\/#\\\/schema\\\/person\\\/66e1a1288db50054a5c4627caa14a898\"},\"headline\":\"Microsoft protege los datos de las peque\u00f1as y medianas empresas\",\"datePublished\":\"2023-01-10T12:38:14+00:00\",\"dateModified\":\"2026-03-26T14:28:22+00:00\",\"mainEntityOfPage\":{\"@id\":\"https:\\\/\\\/www.senetic.es\\\/blog\\\/228,microsoft-protege-los-datos-de-las-pequenas-y-medianas-empresas\\\/\"},\"wordCount\":454,\"commentCount\":0,\"image\":{\"@id\":\"https:\\\/\\\/www.senetic.es\\\/blog\\\/228,microsoft-protege-los-datos-de-las-pequenas-y-medianas-empresas\\\/#primaryimage\"},\"thumbnailUrl\":\"https:\\\/\\\/www.senetic.es\\\/blog\\\/app\\\/uploads\\\/2023\\\/01\\\/MAR-10227-Grafika-microsoft-blog.jpg\",\"articleSection\":[\"Noticias\"],\"inLanguage\":\"es-ES\",\"potentialAction\":[{\"@type\":\"CommentAction\",\"name\":\"Comment\",\"target\":[\"https:\\\/\\\/www.senetic.es\\\/blog\\\/228,microsoft-protege-los-datos-de-las-pequenas-y-medianas-empresas\\\/#respond\"]}]},{\"@type\":\"WebPage\",\"@id\":\"https:\\\/\\\/www.senetic.es\\\/blog\\\/228,microsoft-protege-los-datos-de-las-pequenas-y-medianas-empresas\\\/\",\"url\":\"https:\\\/\\\/www.senetic.es\\\/blog\\\/228,microsoft-protege-los-datos-de-las-pequenas-y-medianas-empresas\\\/\",\"name\":\"Microsoft protege los datos de las peque\u00f1as y medianas empresas - Senetic Blog IT - Microsoft, Office 365, Azure, Ubiquiti, MikroTik\",\"isPartOf\":{\"@id\":\"https:\\\/\\\/www.senetic.es\\\/blog\\\/#website\"},\"primaryImageOfPage\":{\"@id\":\"https:\\\/\\\/www.senetic.es\\\/blog\\\/228,microsoft-protege-los-datos-de-las-pequenas-y-medianas-empresas\\\/#primaryimage\"},\"image\":{\"@id\":\"https:\\\/\\\/www.senetic.es\\\/blog\\\/228,microsoft-protege-los-datos-de-las-pequenas-y-medianas-empresas\\\/#primaryimage\"},\"thumbnailUrl\":\"https:\\\/\\\/www.senetic.es\\\/blog\\\/app\\\/uploads\\\/2023\\\/01\\\/MAR-10227-Grafika-microsoft-blog.jpg\",\"datePublished\":\"2023-01-10T12:38:14+00:00\",\"dateModified\":\"2026-03-26T14:28:22+00:00\",\"author\":{\"@id\":\"https:\\\/\\\/www.senetic.es\\\/blog\\\/#\\\/schema\\\/person\\\/66e1a1288db50054a5c4627caa14a898\"},\"description\":\"M\u00e1s del 70% de las peque\u00f1as y medianas empresas afirmaron que las ciber ataques se est\u00e1n convirtiendo en un riesgo cada vez mayor.\",\"inLanguage\":\"es-ES\",\"potentialAction\":[{\"@type\":\"ReadAction\",\"target\":[\"https:\\\/\\\/www.senetic.es\\\/blog\\\/228,microsoft-protege-los-datos-de-las-pequenas-y-medianas-empresas\\\/\"]}]},{\"@type\":\"ImageObject\",\"inLanguage\":\"es-ES\",\"@id\":\"https:\\\/\\\/www.senetic.es\\\/blog\\\/228,microsoft-protege-los-datos-de-las-pequenas-y-medianas-empresas\\\/#primaryimage\",\"url\":\"https:\\\/\\\/www.senetic.es\\\/blog\\\/app\\\/uploads\\\/2023\\\/01\\\/MAR-10227-Grafika-microsoft-blog.jpg\",\"contentUrl\":\"https:\\\/\\\/www.senetic.es\\\/blog\\\/app\\\/uploads\\\/2023\\\/01\\\/MAR-10227-Grafika-microsoft-blog.jpg\",\"width\":300,\"height\":210},{\"@type\":\"WebSite\",\"@id\":\"https:\\\/\\\/www.senetic.es\\\/blog\\\/#website\",\"url\":\"https:\\\/\\\/www.senetic.es\\\/blog\\\/\",\"name\":\"Senetic Blog IT - Microsoft, Office 365, Azure, Ubiquiti, MikroTik\",\"description\":\"\",\"potentialAction\":[{\"@type\":\"SearchAction\",\"target\":{\"@type\":\"EntryPoint\",\"urlTemplate\":\"https:\\\/\\\/www.senetic.es\\\/blog\\\/?s={search_term_string}\"},\"query-input\":{\"@type\":\"PropertyValueSpecification\",\"valueRequired\":true,\"valueName\":\"search_term_string\"}}],\"inLanguage\":\"es-ES\"},{\"@type\":\"Person\",\"@id\":\"https:\\\/\\\/www.senetic.es\\\/blog\\\/#\\\/schema\\\/person\\\/66e1a1288db50054a5c4627caa14a898\",\"name\":\"Redacci\u00f3n\",\"image\":{\"@type\":\"ImageObject\",\"inLanguage\":\"es-ES\",\"@id\":\"https:\\\/\\\/www.senetic.es\\\/blog\\\/app\\\/uploads\\\/2026\\\/03\\\/senetic-logo-1250x1250-1-96x96.png\",\"url\":\"https:\\\/\\\/www.senetic.es\\\/blog\\\/app\\\/uploads\\\/2026\\\/03\\\/senetic-logo-1250x1250-1-96x96.png\",\"contentUrl\":\"https:\\\/\\\/www.senetic.es\\\/blog\\\/app\\\/uploads\\\/2026\\\/03\\\/senetic-logo-1250x1250-1-96x96.png\",\"caption\":\"Redacci\u00f3n\"},\"description\":\"El equipo de Senetic: un grupo de expertos y entusiastas de la tecnolog\u00eda que comparten su conocimiento, an\u00e1lisis y las \u00faltimas tendencias de la industria tecnol\u00f3gica a diario. A trav\u00e9s del blog de Senetic, ofrecemos informaci\u00f3n confiable de diversas \u00e1reas tecnol\u00f3gicas, ayudando a nuestros lectores a tomar decisiones informadas en negocios y tecnolog\u00eda.\",\"url\":\"https:\\\/\\\/www.senetic.es\\\/blog\\\/author\\\/redaccion\\\/\"}]}<\/script>\n<!-- \/ Yoast SEO plugin. -->","yoast_head_json":{"title":"Microsoft protege los datos de las peque\u00f1as y medianas empresas - Senetic Blog IT - Microsoft, Office 365, Azure, Ubiquiti, MikroTik","description":"M\u00e1s del 70% de las peque\u00f1as y medianas empresas afirmaron que las ciber ataques se est\u00e1n convirtiendo en un riesgo cada vez mayor.","robots":{"index":"index","follow":"follow","max-snippet":"max-snippet:-1","max-image-preview":"max-image-preview:large","max-video-preview":"max-video-preview:-1"},"canonical":"https:\/\/www.senetic.es\/blog\/228,microsoft-protege-los-datos-de-las-pequenas-y-medianas-empresas\/","og_locale":"es_ES","og_type":"article","og_title":"Microsoft protege los datos de las peque\u00f1as y medianas empresas - Senetic Blog IT - Microsoft, Office 365, Azure, Ubiquiti, MikroTik","og_description":"M\u00e1s del 70% de las peque\u00f1as y medianas empresas afirmaron que las ciber ataques se est\u00e1n convirtiendo en un riesgo cada vez mayor.","og_url":"https:\/\/www.senetic.es\/blog\/228,microsoft-protege-los-datos-de-las-pequenas-y-medianas-empresas\/","og_site_name":"Senetic Blog IT - Microsoft, Office 365, Azure, Ubiquiti, MikroTik","article_published_time":"2023-01-10T12:38:14+00:00","article_modified_time":"2026-03-26T14:28:22+00:00","og_image":[{"width":300,"height":210,"url":"https:\/\/www.senetic.es\/blog\/app\/uploads\/2023\/01\/MAR-10227-Grafika-microsoft-blog.jpg","type":"image\/jpeg"}],"author":"Redacci\u00f3n","twitter_card":"summary_large_image","twitter_misc":{"Written by":"Redacci\u00f3n","Est. reading time":"3 minutes"},"schema":{"@context":"https:\/\/schema.org","@graph":[{"@type":"Article","@id":"https:\/\/www.senetic.es\/blog\/228,microsoft-protege-los-datos-de-las-pequenas-y-medianas-empresas\/#article","isPartOf":{"@id":"https:\/\/www.senetic.es\/blog\/228,microsoft-protege-los-datos-de-las-pequenas-y-medianas-empresas\/"},"author":{"name":"Redacci\u00f3n","@id":"https:\/\/www.senetic.es\/blog\/#\/schema\/person\/66e1a1288db50054a5c4627caa14a898"},"headline":"Microsoft protege los datos de las peque\u00f1as y medianas empresas","datePublished":"2023-01-10T12:38:14+00:00","dateModified":"2026-03-26T14:28:22+00:00","mainEntityOfPage":{"@id":"https:\/\/www.senetic.es\/blog\/228,microsoft-protege-los-datos-de-las-pequenas-y-medianas-empresas\/"},"wordCount":454,"commentCount":0,"image":{"@id":"https:\/\/www.senetic.es\/blog\/228,microsoft-protege-los-datos-de-las-pequenas-y-medianas-empresas\/#primaryimage"},"thumbnailUrl":"https:\/\/www.senetic.es\/blog\/app\/uploads\/2023\/01\/MAR-10227-Grafika-microsoft-blog.jpg","articleSection":["Noticias"],"inLanguage":"es-ES","potentialAction":[{"@type":"CommentAction","name":"Comment","target":["https:\/\/www.senetic.es\/blog\/228,microsoft-protege-los-datos-de-las-pequenas-y-medianas-empresas\/#respond"]}]},{"@type":"WebPage","@id":"https:\/\/www.senetic.es\/blog\/228,microsoft-protege-los-datos-de-las-pequenas-y-medianas-empresas\/","url":"https:\/\/www.senetic.es\/blog\/228,microsoft-protege-los-datos-de-las-pequenas-y-medianas-empresas\/","name":"Microsoft protege los datos de las peque\u00f1as y medianas empresas - Senetic Blog IT - Microsoft, Office 365, Azure, Ubiquiti, MikroTik","isPartOf":{"@id":"https:\/\/www.senetic.es\/blog\/#website"},"primaryImageOfPage":{"@id":"https:\/\/www.senetic.es\/blog\/228,microsoft-protege-los-datos-de-las-pequenas-y-medianas-empresas\/#primaryimage"},"image":{"@id":"https:\/\/www.senetic.es\/blog\/228,microsoft-protege-los-datos-de-las-pequenas-y-medianas-empresas\/#primaryimage"},"thumbnailUrl":"https:\/\/www.senetic.es\/blog\/app\/uploads\/2023\/01\/MAR-10227-Grafika-microsoft-blog.jpg","datePublished":"2023-01-10T12:38:14+00:00","dateModified":"2026-03-26T14:28:22+00:00","author":{"@id":"https:\/\/www.senetic.es\/blog\/#\/schema\/person\/66e1a1288db50054a5c4627caa14a898"},"description":"M\u00e1s del 70% de las peque\u00f1as y medianas empresas afirmaron que las ciber ataques se est\u00e1n convirtiendo en un riesgo cada vez mayor.","inLanguage":"es-ES","potentialAction":[{"@type":"ReadAction","target":["https:\/\/www.senetic.es\/blog\/228,microsoft-protege-los-datos-de-las-pequenas-y-medianas-empresas\/"]}]},{"@type":"ImageObject","inLanguage":"es-ES","@id":"https:\/\/www.senetic.es\/blog\/228,microsoft-protege-los-datos-de-las-pequenas-y-medianas-empresas\/#primaryimage","url":"https:\/\/www.senetic.es\/blog\/app\/uploads\/2023\/01\/MAR-10227-Grafika-microsoft-blog.jpg","contentUrl":"https:\/\/www.senetic.es\/blog\/app\/uploads\/2023\/01\/MAR-10227-Grafika-microsoft-blog.jpg","width":300,"height":210},{"@type":"WebSite","@id":"https:\/\/www.senetic.es\/blog\/#website","url":"https:\/\/www.senetic.es\/blog\/","name":"Senetic Blog IT - Microsoft, Office 365, Azure, Ubiquiti, MikroTik","description":"","potentialAction":[{"@type":"SearchAction","target":{"@type":"EntryPoint","urlTemplate":"https:\/\/www.senetic.es\/blog\/?s={search_term_string}"},"query-input":{"@type":"PropertyValueSpecification","valueRequired":true,"valueName":"search_term_string"}}],"inLanguage":"es-ES"},{"@type":"Person","@id":"https:\/\/www.senetic.es\/blog\/#\/schema\/person\/66e1a1288db50054a5c4627caa14a898","name":"Redacci\u00f3n","image":{"@type":"ImageObject","inLanguage":"es-ES","@id":"https:\/\/www.senetic.es\/blog\/app\/uploads\/2026\/03\/senetic-logo-1250x1250-1-96x96.png","url":"https:\/\/www.senetic.es\/blog\/app\/uploads\/2026\/03\/senetic-logo-1250x1250-1-96x96.png","contentUrl":"https:\/\/www.senetic.es\/blog\/app\/uploads\/2026\/03\/senetic-logo-1250x1250-1-96x96.png","caption":"Redacci\u00f3n"},"description":"El equipo de Senetic: un grupo de expertos y entusiastas de la tecnolog\u00eda que comparten su conocimiento, an\u00e1lisis y las \u00faltimas tendencias de la industria tecnol\u00f3gica a diario. A trav\u00e9s del blog de Senetic, ofrecemos informaci\u00f3n confiable de diversas \u00e1reas tecnol\u00f3gicas, ayudando a nuestros lectores a tomar decisiones informadas en negocios y tecnolog\u00eda.","url":"https:\/\/www.senetic.es\/blog\/author\/redaccion\/"}]}},"_links":{"self":[{"href":"https:\/\/www.senetic.es\/blog\/wp-json\/wp\/v2\/posts\/228","targetHints":{"allow":["GET"]}}],"collection":[{"href":"https:\/\/www.senetic.es\/blog\/wp-json\/wp\/v2\/posts"}],"about":[{"href":"https:\/\/www.senetic.es\/blog\/wp-json\/wp\/v2\/types\/post"}],"author":[{"embeddable":true,"href":"https:\/\/www.senetic.es\/blog\/wp-json\/wp\/v2\/users\/7"}],"replies":[{"embeddable":true,"href":"https:\/\/www.senetic.es\/blog\/wp-json\/wp\/v2\/comments?post=228"}],"version-history":[{"count":1,"href":"https:\/\/www.senetic.es\/blog\/wp-json\/wp\/v2\/posts\/228\/revisions"}],"predecessor-version":[{"id":1379,"href":"https:\/\/www.senetic.es\/blog\/wp-json\/wp\/v2\/posts\/228\/revisions\/1379"}],"wp:featuredmedia":[{"embeddable":true,"href":"https:\/\/www.senetic.es\/blog\/wp-json\/wp\/v2\/media\/230"}],"wp:attachment":[{"href":"https:\/\/www.senetic.es\/blog\/wp-json\/wp\/v2\/media?parent=228"}],"wp:term":[{"taxonomy":"category","embeddable":true,"href":"https:\/\/www.senetic.es\/blog\/wp-json\/wp\/v2\/categories?post=228"},{"taxonomy":"post_tag","embeddable":true,"href":"https:\/\/www.senetic.es\/blog\/wp-json\/wp\/v2\/tags?post=228"}],"curies":[{"name":"wp","href":"https:\/\/api.w.org\/{rel}","templated":true}]}}