{"id":14,"date":"2016-08-17T07:56:33","date_gmt":"2016-08-17T05:56:33","guid":{"rendered":"https:\/\/www.senetic.es\/blog\/wp\/?p=14"},"modified":"2026-03-26T15:29:05","modified_gmt":"2026-03-26T14:29:05","slug":"microsoft-azure-en-la-empresa-por-que-vale-la-pena","status":"publish","type":"post","link":"https:\/\/www.senetic.es\/blog\/14,microsoft-azure-en-la-empresa-por-que-vale-la-pena\/","title":{"rendered":"Microsoft Azure en la empresa. \u00bfPor qu\u00e9 vale la pena?"},"content":{"rendered":"<p style=\"text-align: justify;\"><img fetchpriority=\"high\" decoding=\"async\" class=\"size-medium wp-image-15 alignleft\" src=\"https:\/\/www.senetic.es\/blog\/app\/uploads\/2016\/08\/Microsoft-Azure-300x210.jpg\" alt=\"Microsoft-Azure\" width=\"300\" height=\"210\" srcset=\"https:\/\/www.senetic.es\/blog\/app\/uploads\/2016\/08\/Microsoft-Azure.jpg 300w, https:\/\/www.senetic.es\/blog\/app\/uploads\/2016\/08\/Microsoft-Azure-150x105.jpg 150w, https:\/\/www.senetic.es\/blog\/app\/uploads\/2016\/08\/Microsoft-Azure-250x175.jpg 250w\" sizes=\"(max-width: 300px) 100vw, 300px\" \/>Flexibilidad, rendimiento y un r\u00e1pido funcionamiento son las caracter\u00edsticas principales de una plataforma, a la que podr\u00eda llamarse empresarial, es decir, aquella que realmente aumenta la eficacia de la empresa e influye en su desarrollo. <strong>Microsoft Azure<\/strong> cumple perfectamente con estas condiciones, un espacio abierto que proporciona todos aquellos elementos necesarios para crear, desarrollar y administrar soluciones basadas en la nube.\u00a0<strong>Azure\u00a0<\/strong>ofrece aplicaciones, servicios de computaci\u00f3n, red y almacenamiento. Permite crear aplicaciones basadas en cualquier lenguaje, herramientas o entornos, as\u00ed como una f\u00e1cil integraci\u00f3n de la nube con el entorno pre-existente.<!--more--><\/p>\n<p style=\"text-align: justify;\">La plataforma\u00a0<strong>Azure<\/strong>\u00a0se adapta de forma excepcional a las necesidades de una empresa moderna, permiti\u00e9ndole funcionar de una forma r\u00e1pida y econ\u00f3mica. Permite ejecutar m\u00e1quinas virtuales, bases de datos SQL o crear copias de seguridad de los recursos sin tener que preocuparse por el rendimiento del hardware o del software. Tambi\u00e9n reduce la necesidad f\u00edsica de gestionar la infraestructura, lo que influye en un mayor potencial de mercado. Gracias a ello los gastos de TI con mucho m\u00e1s predecibles. Tambi\u00e9n reduce el riesgo asociado con las nuevas inversiones de negocios. Los datos hablan por s\u00ed mismos \u2013 el 46% de los servicios en la nube m\u00e1s populares conforman la base de\u00a0<strong>Azure<\/strong>. Esto no es casualidad.<\/p>\n<p style=\"text-align: justify;\">Estas soluciones se caracterizan por un funcionamiento a un nivel del 99,95%, garantizando al usuario un acceso ininterrumpido a los servicios, m\u00e1quinas y\u00a0aplicaciones. Tambi\u00e9n le proporciona monitorizaci\u00f3n continua y servicio t\u00e9cnico las 24 horas. <img decoding=\"async\" class=\" wp-image-16 alignright\" src=\"https:\/\/www.senetic.es\/blog\/app\/uploads\/2016\/08\/Azure-chmura-300x210.jpg\" alt=\"Azure-chmura\" width=\"298\" height=\"208\" srcset=\"https:\/\/www.senetic.es\/blog\/app\/uploads\/2016\/08\/Azure-chmura.jpg 300w, https:\/\/www.senetic.es\/blog\/app\/uploads\/2016\/08\/Azure-chmura-150x105.jpg 150w, https:\/\/www.senetic.es\/blog\/app\/uploads\/2016\/08\/Azure-chmura-250x175.jpg 250w\" sizes=\"(max-width: 298px) 100vw, 298px\" \/>Mientras la organizaci\u00f3n se va desarrollando a trav\u00e9s de la plataforma, es posible personalizar el sistema para satisfacer las necesidades de crecimiento, lo que se traduce en una excelente relaci\u00f3n precio-rendimiento. Podr\u00e1 acceder a la nube desde cualquier lugar del planeta, permiti\u00e9ndole utilizarla desde pr\u00e1cticamente cualquier ubicaci\u00f3n. A todos aquellos que quieran conservar la infraestructura existente, se les recomienda crear un entorno h\u00edbrido que combine las soluciones locales TI con la nube.<\/p>\n<p style=\"text-align: justify;\">\u00bfC\u00f3mo empezar? Para empezar le proponemos un cup\u00f3n de 100$ al que se le descontar\u00e1 el uso real de los recursos utilizados (contabilizados al minuto). Cuando se acabe, bastar\u00e1 con adquirir el siguiente. Todo ello de una forma simple, r\u00e1pida y c\u00f3moda. \u00bfAlguna pregunta? Le esperamos en el n\u00famero de t\u00e9l. +34 91 794 25 00 o a trav\u00e9s del email\u00a0<a href=\"mailto:azure@senetic.com\">azure@senetic.com<\/a>. Encontrar\u00e1 informaci\u00f3n detallada en nuestra p\u00e1gina web <a href=\"https:\/\/www.senetic.es\/azure\" target=\"_blank\">https:\/\/www.senetic.es\/azure<\/a><a href=\"https:\/\/www.senetic.es\/azure\/\">\/<\/a>. En breve encontrar\u00e1 m\u00e1s informaci\u00f3n sobre la plataforma\u00a0<strong>Azure<\/strong>\u00a0\u2013\u00a0funciones de backup, configuraci\u00f3n, integraci\u00f3n, concesi\u00f3n de licencias o m\u00e1quina virtuales. \u00a1Qu\u00e9dense con nosotros!<\/p>\n<p style=\"text-align: justify;\"><img decoding=\"async\" class=\"aligncenter wp-image-17 size-full\" src=\"https:\/\/www.senetic.es\/blog\/app\/uploads\/2016\/08\/MicrosoftAzure-1.jpg\" alt=\"MicrosoftAzure-1\" width=\"851\" height=\"293\" srcset=\"https:\/\/www.senetic.es\/blog\/app\/uploads\/2016\/08\/MicrosoftAzure-1.jpg 851w, https:\/\/www.senetic.es\/blog\/app\/uploads\/2016\/08\/MicrosoftAzure-1-150x52.jpg 150w, https:\/\/www.senetic.es\/blog\/app\/uploads\/2016\/08\/MicrosoftAzure-1-450x155.jpg 450w, https:\/\/www.senetic.es\/blog\/app\/uploads\/2016\/08\/MicrosoftAzure-1-768x264.jpg 768w, https:\/\/www.senetic.es\/blog\/app\/uploads\/2016\/08\/MicrosoftAzure-1-300x103.jpg 300w\" sizes=\"(max-width: 851px) 100vw, 851px\" \/><\/p>\n","protected":false},"excerpt":{"rendered":"<p>Flexibilidad, rendimiento y un r\u00e1pido funcionamiento son las caracter\u00edsticas principales de una plataforma, a la que podr\u00eda llamarse empresarial, es decir, aquella que realmente aumenta la eficacia de la empresa e influye en su desarrollo. Microsoft Azure cumple perfectamente con estas condiciones, un espacio abierto que proporciona todos aquellos elementos necesarios para crear, desarrollar y<\/p>\n","protected":false},"author":7,"featured_media":15,"comment_status":"open","ping_status":"open","sticky":false,"template":"","format":"standard","meta":{"footnotes":""},"categories":[1],"tags":[4,7,6,5,3,8],"class_list":{"0":"post-14","1":"post","2":"type-post","3":"status-publish","4":"format-standard","5":"has-post-thumbnail","7":"category-noticias","8":"tag-azure","9":"tag-cloud-azure","10":"tag-cloud-microsoft-azure","11":"tag-microsoft","12":"tag-microsoft-azure","13":"tag-microsoft-cloud"},"yoast_head":"<!-- This site is optimized with the Yoast SEO plugin v27.3 - https:\/\/yoast.com\/product\/yoast-seo-wordpress\/ -->\n<title>Microsoft Azure en la empresa. \u00bfPor qu\u00e9 vale la pena? - Senetic Blog IT - Microsoft, Office 365, Azure, Ubiquiti, MikroTik<\/title>\n<meta name=\"robots\" content=\"index, follow, max-snippet:-1, max-image-preview:large, max-video-preview:-1\" \/>\n<link rel=\"canonical\" href=\"https:\/\/www.senetic.es\/blog\/14,microsoft-azure-en-la-empresa-por-que-vale-la-pena\/\" \/>\n<meta property=\"og:locale\" content=\"es_ES\" \/>\n<meta property=\"og:type\" content=\"article\" \/>\n<meta property=\"og:title\" content=\"Microsoft Azure en la empresa. \u00bfPor qu\u00e9 vale la pena? - Senetic Blog IT - Microsoft, Office 365, Azure, Ubiquiti, MikroTik\" \/>\n<meta property=\"og:description\" content=\"Flexibilidad, rendimiento y un r\u00e1pido funcionamiento son las caracter\u00edsticas principales de una plataforma, a la que podr\u00eda llamarse empresarial, es decir, aquella que realmente aumenta la eficacia de la empresa e influye en su desarrollo. Microsoft Azure cumple perfectamente con estas condiciones, un espacio abierto que proporciona todos aquellos elementos necesarios para crear, desarrollar y\" \/>\n<meta property=\"og:url\" content=\"https:\/\/www.senetic.es\/blog\/14,microsoft-azure-en-la-empresa-por-que-vale-la-pena\/\" \/>\n<meta property=\"og:site_name\" content=\"Senetic Blog IT - Microsoft, Office 365, Azure, Ubiquiti, MikroTik\" \/>\n<meta property=\"article:published_time\" content=\"2016-08-17T05:56:33+00:00\" \/>\n<meta property=\"article:modified_time\" content=\"2026-03-26T14:29:05+00:00\" \/>\n<meta property=\"og:image\" content=\"https:\/\/www.senetic.es\/blog\/app\/uploads\/2016\/08\/Microsoft-Azure.jpg\" \/>\n\t<meta property=\"og:image:width\" content=\"300\" \/>\n\t<meta property=\"og:image:height\" content=\"210\" \/>\n\t<meta property=\"og:image:type\" content=\"image\/jpeg\" \/>\n<meta name=\"author\" content=\"Redacci\u00f3n\" \/>\n<meta name=\"twitter:card\" content=\"summary_large_image\" \/>\n<meta name=\"twitter:label1\" content=\"Written by\" \/>\n\t<meta name=\"twitter:data1\" content=\"Redacci\u00f3n\" \/>\n\t<meta name=\"twitter:label2\" content=\"Est. reading time\" \/>\n\t<meta name=\"twitter:data2\" content=\"2 minutes\" \/>\n<script type=\"application\/ld+json\" class=\"yoast-schema-graph\">{\"@context\":\"https:\\\/\\\/schema.org\",\"@graph\":[{\"@type\":\"Article\",\"@id\":\"https:\\\/\\\/www.senetic.es\\\/blog\\\/14,microsoft-azure-en-la-empresa-por-que-vale-la-pena\\\/#article\",\"isPartOf\":{\"@id\":\"https:\\\/\\\/www.senetic.es\\\/blog\\\/14,microsoft-azure-en-la-empresa-por-que-vale-la-pena\\\/\"},\"author\":{\"name\":\"Redacci\u00f3n\",\"@id\":\"https:\\\/\\\/www.senetic.es\\\/blog\\\/#\\\/schema\\\/person\\\/66e1a1288db50054a5c4627caa14a898\"},\"headline\":\"Microsoft Azure en la empresa. \u00bfPor qu\u00e9 vale la pena?\",\"datePublished\":\"2016-08-17T05:56:33+00:00\",\"dateModified\":\"2026-03-26T14:29:05+00:00\",\"mainEntityOfPage\":{\"@id\":\"https:\\\/\\\/www.senetic.es\\\/blog\\\/14,microsoft-azure-en-la-empresa-por-que-vale-la-pena\\\/\"},\"wordCount\":457,\"commentCount\":0,\"image\":{\"@id\":\"https:\\\/\\\/www.senetic.es\\\/blog\\\/14,microsoft-azure-en-la-empresa-por-que-vale-la-pena\\\/#primaryimage\"},\"thumbnailUrl\":\"https:\\\/\\\/www.senetic.es\\\/blog\\\/app\\\/uploads\\\/2016\\\/08\\\/Microsoft-Azure.jpg\",\"keywords\":[\"Azure\",\"cloud Azure\",\"cloud Microsoft Azure\",\"Microsoft\",\"Microsoft Azure\",\"Microsoft cloud\"],\"articleSection\":[\"Noticias\"],\"inLanguage\":\"es-ES\",\"potentialAction\":[{\"@type\":\"CommentAction\",\"name\":\"Comment\",\"target\":[\"https:\\\/\\\/www.senetic.es\\\/blog\\\/14,microsoft-azure-en-la-empresa-por-que-vale-la-pena\\\/#respond\"]}]},{\"@type\":\"WebPage\",\"@id\":\"https:\\\/\\\/www.senetic.es\\\/blog\\\/14,microsoft-azure-en-la-empresa-por-que-vale-la-pena\\\/\",\"url\":\"https:\\\/\\\/www.senetic.es\\\/blog\\\/14,microsoft-azure-en-la-empresa-por-que-vale-la-pena\\\/\",\"name\":\"Microsoft Azure en la empresa. \u00bfPor qu\u00e9 vale la pena? - Senetic Blog IT - Microsoft, Office 365, Azure, Ubiquiti, MikroTik\",\"isPartOf\":{\"@id\":\"https:\\\/\\\/www.senetic.es\\\/blog\\\/#website\"},\"primaryImageOfPage\":{\"@id\":\"https:\\\/\\\/www.senetic.es\\\/blog\\\/14,microsoft-azure-en-la-empresa-por-que-vale-la-pena\\\/#primaryimage\"},\"image\":{\"@id\":\"https:\\\/\\\/www.senetic.es\\\/blog\\\/14,microsoft-azure-en-la-empresa-por-que-vale-la-pena\\\/#primaryimage\"},\"thumbnailUrl\":\"https:\\\/\\\/www.senetic.es\\\/blog\\\/app\\\/uploads\\\/2016\\\/08\\\/Microsoft-Azure.jpg\",\"datePublished\":\"2016-08-17T05:56:33+00:00\",\"dateModified\":\"2026-03-26T14:29:05+00:00\",\"author\":{\"@id\":\"https:\\\/\\\/www.senetic.es\\\/blog\\\/#\\\/schema\\\/person\\\/66e1a1288db50054a5c4627caa14a898\"},\"inLanguage\":\"es-ES\",\"potentialAction\":[{\"@type\":\"ReadAction\",\"target\":[\"https:\\\/\\\/www.senetic.es\\\/blog\\\/14,microsoft-azure-en-la-empresa-por-que-vale-la-pena\\\/\"]}]},{\"@type\":\"ImageObject\",\"inLanguage\":\"es-ES\",\"@id\":\"https:\\\/\\\/www.senetic.es\\\/blog\\\/14,microsoft-azure-en-la-empresa-por-que-vale-la-pena\\\/#primaryimage\",\"url\":\"https:\\\/\\\/www.senetic.es\\\/blog\\\/app\\\/uploads\\\/2016\\\/08\\\/Microsoft-Azure.jpg\",\"contentUrl\":\"https:\\\/\\\/www.senetic.es\\\/blog\\\/app\\\/uploads\\\/2016\\\/08\\\/Microsoft-Azure.jpg\",\"width\":300,\"height\":210},{\"@type\":\"WebSite\",\"@id\":\"https:\\\/\\\/www.senetic.es\\\/blog\\\/#website\",\"url\":\"https:\\\/\\\/www.senetic.es\\\/blog\\\/\",\"name\":\"Senetic Blog IT - Microsoft, Office 365, Azure, Ubiquiti, MikroTik\",\"description\":\"\",\"potentialAction\":[{\"@type\":\"SearchAction\",\"target\":{\"@type\":\"EntryPoint\",\"urlTemplate\":\"https:\\\/\\\/www.senetic.es\\\/blog\\\/?s={search_term_string}\"},\"query-input\":{\"@type\":\"PropertyValueSpecification\",\"valueRequired\":true,\"valueName\":\"search_term_string\"}}],\"inLanguage\":\"es-ES\"},{\"@type\":\"Person\",\"@id\":\"https:\\\/\\\/www.senetic.es\\\/blog\\\/#\\\/schema\\\/person\\\/66e1a1288db50054a5c4627caa14a898\",\"name\":\"Redacci\u00f3n\",\"image\":{\"@type\":\"ImageObject\",\"inLanguage\":\"es-ES\",\"@id\":\"https:\\\/\\\/www.senetic.es\\\/blog\\\/app\\\/uploads\\\/2026\\\/03\\\/senetic-logo-1250x1250-1-96x96.png\",\"url\":\"https:\\\/\\\/www.senetic.es\\\/blog\\\/app\\\/uploads\\\/2026\\\/03\\\/senetic-logo-1250x1250-1-96x96.png\",\"contentUrl\":\"https:\\\/\\\/www.senetic.es\\\/blog\\\/app\\\/uploads\\\/2026\\\/03\\\/senetic-logo-1250x1250-1-96x96.png\",\"caption\":\"Redacci\u00f3n\"},\"description\":\"El equipo de Senetic: un grupo de expertos y entusiastas de la tecnolog\u00eda que comparten su conocimiento, an\u00e1lisis y las \u00faltimas tendencias de la industria tecnol\u00f3gica a diario. A trav\u00e9s del blog de Senetic, ofrecemos informaci\u00f3n confiable de diversas \u00e1reas tecnol\u00f3gicas, ayudando a nuestros lectores a tomar decisiones informadas en negocios y tecnolog\u00eda.\",\"url\":\"https:\\\/\\\/www.senetic.es\\\/blog\\\/author\\\/redaccion\\\/\"}]}<\/script>\n<!-- \/ Yoast SEO plugin. -->","yoast_head_json":{"title":"Microsoft Azure en la empresa. \u00bfPor qu\u00e9 vale la pena? - Senetic Blog IT - Microsoft, Office 365, Azure, Ubiquiti, MikroTik","robots":{"index":"index","follow":"follow","max-snippet":"max-snippet:-1","max-image-preview":"max-image-preview:large","max-video-preview":"max-video-preview:-1"},"canonical":"https:\/\/www.senetic.es\/blog\/14,microsoft-azure-en-la-empresa-por-que-vale-la-pena\/","og_locale":"es_ES","og_type":"article","og_title":"Microsoft Azure en la empresa. \u00bfPor qu\u00e9 vale la pena? - Senetic Blog IT - Microsoft, Office 365, Azure, Ubiquiti, MikroTik","og_description":"Flexibilidad, rendimiento y un r\u00e1pido funcionamiento son las caracter\u00edsticas principales de una plataforma, a la que podr\u00eda llamarse empresarial, es decir, aquella que realmente aumenta la eficacia de la empresa e influye en su desarrollo. Microsoft Azure cumple perfectamente con estas condiciones, un espacio abierto que proporciona todos aquellos elementos necesarios para crear, desarrollar y","og_url":"https:\/\/www.senetic.es\/blog\/14,microsoft-azure-en-la-empresa-por-que-vale-la-pena\/","og_site_name":"Senetic Blog IT - Microsoft, Office 365, Azure, Ubiquiti, MikroTik","article_published_time":"2016-08-17T05:56:33+00:00","article_modified_time":"2026-03-26T14:29:05+00:00","og_image":[{"width":300,"height":210,"url":"https:\/\/www.senetic.es\/blog\/app\/uploads\/2016\/08\/Microsoft-Azure.jpg","type":"image\/jpeg"}],"author":"Redacci\u00f3n","twitter_card":"summary_large_image","twitter_misc":{"Written by":"Redacci\u00f3n","Est. reading time":"2 minutes"},"schema":{"@context":"https:\/\/schema.org","@graph":[{"@type":"Article","@id":"https:\/\/www.senetic.es\/blog\/14,microsoft-azure-en-la-empresa-por-que-vale-la-pena\/#article","isPartOf":{"@id":"https:\/\/www.senetic.es\/blog\/14,microsoft-azure-en-la-empresa-por-que-vale-la-pena\/"},"author":{"name":"Redacci\u00f3n","@id":"https:\/\/www.senetic.es\/blog\/#\/schema\/person\/66e1a1288db50054a5c4627caa14a898"},"headline":"Microsoft Azure en la empresa. \u00bfPor qu\u00e9 vale la pena?","datePublished":"2016-08-17T05:56:33+00:00","dateModified":"2026-03-26T14:29:05+00:00","mainEntityOfPage":{"@id":"https:\/\/www.senetic.es\/blog\/14,microsoft-azure-en-la-empresa-por-que-vale-la-pena\/"},"wordCount":457,"commentCount":0,"image":{"@id":"https:\/\/www.senetic.es\/blog\/14,microsoft-azure-en-la-empresa-por-que-vale-la-pena\/#primaryimage"},"thumbnailUrl":"https:\/\/www.senetic.es\/blog\/app\/uploads\/2016\/08\/Microsoft-Azure.jpg","keywords":["Azure","cloud Azure","cloud Microsoft Azure","Microsoft","Microsoft Azure","Microsoft cloud"],"articleSection":["Noticias"],"inLanguage":"es-ES","potentialAction":[{"@type":"CommentAction","name":"Comment","target":["https:\/\/www.senetic.es\/blog\/14,microsoft-azure-en-la-empresa-por-que-vale-la-pena\/#respond"]}]},{"@type":"WebPage","@id":"https:\/\/www.senetic.es\/blog\/14,microsoft-azure-en-la-empresa-por-que-vale-la-pena\/","url":"https:\/\/www.senetic.es\/blog\/14,microsoft-azure-en-la-empresa-por-que-vale-la-pena\/","name":"Microsoft Azure en la empresa. \u00bfPor qu\u00e9 vale la pena? - Senetic Blog IT - Microsoft, Office 365, Azure, Ubiquiti, MikroTik","isPartOf":{"@id":"https:\/\/www.senetic.es\/blog\/#website"},"primaryImageOfPage":{"@id":"https:\/\/www.senetic.es\/blog\/14,microsoft-azure-en-la-empresa-por-que-vale-la-pena\/#primaryimage"},"image":{"@id":"https:\/\/www.senetic.es\/blog\/14,microsoft-azure-en-la-empresa-por-que-vale-la-pena\/#primaryimage"},"thumbnailUrl":"https:\/\/www.senetic.es\/blog\/app\/uploads\/2016\/08\/Microsoft-Azure.jpg","datePublished":"2016-08-17T05:56:33+00:00","dateModified":"2026-03-26T14:29:05+00:00","author":{"@id":"https:\/\/www.senetic.es\/blog\/#\/schema\/person\/66e1a1288db50054a5c4627caa14a898"},"inLanguage":"es-ES","potentialAction":[{"@type":"ReadAction","target":["https:\/\/www.senetic.es\/blog\/14,microsoft-azure-en-la-empresa-por-que-vale-la-pena\/"]}]},{"@type":"ImageObject","inLanguage":"es-ES","@id":"https:\/\/www.senetic.es\/blog\/14,microsoft-azure-en-la-empresa-por-que-vale-la-pena\/#primaryimage","url":"https:\/\/www.senetic.es\/blog\/app\/uploads\/2016\/08\/Microsoft-Azure.jpg","contentUrl":"https:\/\/www.senetic.es\/blog\/app\/uploads\/2016\/08\/Microsoft-Azure.jpg","width":300,"height":210},{"@type":"WebSite","@id":"https:\/\/www.senetic.es\/blog\/#website","url":"https:\/\/www.senetic.es\/blog\/","name":"Senetic Blog IT - Microsoft, Office 365, Azure, Ubiquiti, MikroTik","description":"","potentialAction":[{"@type":"SearchAction","target":{"@type":"EntryPoint","urlTemplate":"https:\/\/www.senetic.es\/blog\/?s={search_term_string}"},"query-input":{"@type":"PropertyValueSpecification","valueRequired":true,"valueName":"search_term_string"}}],"inLanguage":"es-ES"},{"@type":"Person","@id":"https:\/\/www.senetic.es\/blog\/#\/schema\/person\/66e1a1288db50054a5c4627caa14a898","name":"Redacci\u00f3n","image":{"@type":"ImageObject","inLanguage":"es-ES","@id":"https:\/\/www.senetic.es\/blog\/app\/uploads\/2026\/03\/senetic-logo-1250x1250-1-96x96.png","url":"https:\/\/www.senetic.es\/blog\/app\/uploads\/2026\/03\/senetic-logo-1250x1250-1-96x96.png","contentUrl":"https:\/\/www.senetic.es\/blog\/app\/uploads\/2026\/03\/senetic-logo-1250x1250-1-96x96.png","caption":"Redacci\u00f3n"},"description":"El equipo de Senetic: un grupo de expertos y entusiastas de la tecnolog\u00eda que comparten su conocimiento, an\u00e1lisis y las \u00faltimas tendencias de la industria tecnol\u00f3gica a diario. A trav\u00e9s del blog de Senetic, ofrecemos informaci\u00f3n confiable de diversas \u00e1reas tecnol\u00f3gicas, ayudando a nuestros lectores a tomar decisiones informadas en negocios y tecnolog\u00eda.","url":"https:\/\/www.senetic.es\/blog\/author\/redaccion\/"}]}},"_links":{"self":[{"href":"https:\/\/www.senetic.es\/blog\/wp-json\/wp\/v2\/posts\/14","targetHints":{"allow":["GET"]}}],"collection":[{"href":"https:\/\/www.senetic.es\/blog\/wp-json\/wp\/v2\/posts"}],"about":[{"href":"https:\/\/www.senetic.es\/blog\/wp-json\/wp\/v2\/types\/post"}],"author":[{"embeddable":true,"href":"https:\/\/www.senetic.es\/blog\/wp-json\/wp\/v2\/users\/7"}],"replies":[{"embeddable":true,"href":"https:\/\/www.senetic.es\/blog\/wp-json\/wp\/v2\/comments?post=14"}],"version-history":[{"count":1,"href":"https:\/\/www.senetic.es\/blog\/wp-json\/wp\/v2\/posts\/14\/revisions"}],"predecessor-version":[{"id":1385,"href":"https:\/\/www.senetic.es\/blog\/wp-json\/wp\/v2\/posts\/14\/revisions\/1385"}],"wp:featuredmedia":[{"embeddable":true,"href":"https:\/\/www.senetic.es\/blog\/wp-json\/wp\/v2\/media\/15"}],"wp:attachment":[{"href":"https:\/\/www.senetic.es\/blog\/wp-json\/wp\/v2\/media?parent=14"}],"wp:term":[{"taxonomy":"category","embeddable":true,"href":"https:\/\/www.senetic.es\/blog\/wp-json\/wp\/v2\/categories?post=14"},{"taxonomy":"post_tag","embeddable":true,"href":"https:\/\/www.senetic.es\/blog\/wp-json\/wp\/v2\/tags?post=14"}],"curies":[{"name":"wp","href":"https:\/\/api.w.org\/{rel}","templated":true}]}}