{"id":1179,"date":"2025-10-28T12:09:13","date_gmt":"2025-10-28T11:09:13","guid":{"rendered":"https:\/\/www.senetic.es\/blog\/?p=1179"},"modified":"2025-10-28T12:09:14","modified_gmt":"2025-10-28T11:09:14","slug":"cambios-en-las-licencias-de-microsoft-teams","status":"publish","type":"post","link":"https:\/\/www.senetic.es\/blog\/1179,cambios-en-las-licencias-de-microsoft-teams\/","title":{"rendered":"Cambios en las licencias de Microsoft Teams"},"content":{"rendered":"\n<p><img fetchpriority=\"high\" decoding=\"async\" class=\"alignnone size-medium wp-image-1187 alignleft\" src=\"https:\/\/www.senetic.es\/blog\/app\/uploads\/2025\/10\/Microsoft-Teams-4-1-300x200.png\" alt=\"\" width=\"300\" height=\"200\" srcset=\"https:\/\/www.senetic.es\/blog\/app\/uploads\/2025\/10\/Microsoft-Teams-4-1-300x200.png 300w, https:\/\/www.senetic.es\/blog\/app\/uploads\/2025\/10\/Microsoft-Teams-4-1-1024x683.png 1024w, https:\/\/www.senetic.es\/blog\/app\/uploads\/2025\/10\/Microsoft-Teams-4-1-768x512.png 768w, https:\/\/www.senetic.es\/blog\/app\/uploads\/2025\/10\/Microsoft-Teams-4-1-150x100.png 150w, https:\/\/www.senetic.es\/blog\/app\/uploads\/2025\/10\/Microsoft-Teams-4-1-450x300.png 450w, https:\/\/www.senetic.es\/blog\/app\/uploads\/2025\/10\/Microsoft-Teams-4-1.png 1200w\" sizes=\"(max-width: 300px) 100vw, 300px\" \/><\/p>\n\n\n\n<p>\u00a0<\/p>\n<p>Microsoft ha anunciado modificaciones significativas en las licencias y la interoperabilidad de<strong> los paquetes de Microsoft Teams<\/strong> y Microsoft 365\/Office 365. Los cambios son el resultado de los compromisos asumidos por la Comisi\u00f3n Europea para aumentar la flexibilidad, la interoperabilidad y la portabilidad de datos para que los clientes puedan conectar m\u00e1s libremente <strong>Microsoft Teams<\/strong> con otras soluciones de colaboraci\u00f3n.<\/p>\n<p>\u00a0<\/p>\n\n\n\n<!--more-->\n\n\n\n<h2><strong>\u00bfQu\u00e9 est\u00e1 cambiando?<\/strong><\/h2>\n<p>De <strong>noviembre 1, 2025<\/strong> Nuevos clientes de todo el mundo podr\u00e1n volver a comprar <a href=\"https:\/\/www.senetic.es\/microsoft365\/\"><strong>Microsoft 365<\/strong><\/a> y <strong>Office 365<\/strong> en versiones <strong>con Teams<\/strong> o <strong>sin Teams<\/strong>. Tambi\u00e9n permanecer\u00e1 disponible <strong>Teams como producto independiente<\/strong>, lo que le permitir\u00e1 crear conjuntos de licencias para necesidades espec\u00edficas (por ejemplo, un paquete sin Teams + Teams independiente o un paquete sin Teams + otro mensajero). El objetivo es una &#8220;gama completa de opciones&#8221; y una mayor transparencia de precios.<\/p>\n<p>Al mismo tiempo, Microsoft est\u00e1 formalizando sus compromisos de <strong>interoperabilidad<\/strong>: manteniendo el modelo de complementos y la distribuci\u00f3n a trav\u00e9s de<strong> AppSource<\/strong>, facilitando la conexi\u00f3n de aplicaciones de terceros a los<strong> servicios de Microsoft Teams<\/strong> y Microsoft 365, y desarrollando recursos sobre <strong>portabilidad de datos<\/strong>. Esto significa una integraci\u00f3n m\u00e1s f\u00e1cil de las soluciones de comunicaciones\/CCaaS o las herramientas de reuni\u00f3n con el ecosistema de Microsoft.<\/p>\n<h2><strong>Transparencia de precios<\/strong><\/h2>\n<p>Los compromisos especifican <strong>las diferencias de precio m\u00ednimo<\/strong> entre paquetes <strong>con<\/strong> y <strong>sin Teams<\/strong>. Para los planes <strong>Microsoft 365\/Office 365 E3 y E5, se<\/strong> espera que la diferencia sea de <strong>al menos 8 \u20ac<\/strong> por usuario al mes. Para los segmentos <strong>Microsoft 365 Empresa Standard\/Premium<\/strong> (y O365 E1), al<strong> menos 3 \u20ac<\/strong>. Los precios independientes de<strong> Microsoft Teams <\/strong>\u00a0deben mantenerse al menos en la diferencia requerida para un segmento determinado. Esto le permite comparar mejor las ofertas y evitar paquetes &#8220;ocultos&#8221;.<\/p>\n<h2><strong>\u00bfQu\u00e9 significa esto para los clientes?<\/strong><\/h2>\n<ul>\n<li><strong>M\u00e1s opciones de compra:<\/strong> puede ajustar sus licencias, por ejemplo, dejar su paquete existente sin Teams y comprar <strong>Microsoft Teams<\/strong> donde lo necesite (por ejemplo, en servicio al cliente y ventas).<\/li>\n<li><strong>Integraciones m\u00e1s f\u00e1ciles:<\/strong> el modelo de complementos con soporte oficial y la direcci\u00f3n de &#8220;ecosistema abierto&#8221; facilitar\u00e1n la conexi\u00f3n de<strong> Microsoft Teams<\/strong> con herramientas de terceros (telefon\u00eda, centros de contacto, salas de reuniones).<\/li>\n<li><strong>Estabilidad regulatoria:<\/strong> Los compromisos adoptados cierran el caso antimonopolio de la UE en torno a <strong>Teams<\/strong> y fortalecen la previsibilidad para la planificaci\u00f3n de licencias en los pr\u00f3ximos a\u00f1os.<\/li>\n<\/ul>\n<h2><strong>\u00bfC\u00f3mo prepararse?<\/strong><\/h2>\n<ol>\n<li><strong>Haga un inventario de licencias:<\/strong> verifique d\u00f3nde <strong>Microsoft Teams<\/strong> es cr\u00edtico para el trabajo de los equipos y d\u00f3nde un paquete sin Teams es suficiente.<\/li>\n<li><strong>Calcule el costo de los escenarios:<\/strong> compare el costo de un paquete con Teams frente a un paquete sin Teams + Teams independiente para roles espec\u00edficos (Primera l\u00ednea, Centro de contacto, Ventas).<\/li>\n<li><strong>Analice las integraciones:<\/strong> eval\u00fae si sus soluciones de comunicaci\u00f3n (CCaaS, PBX, registro de llamadas) funcionan mejor como complemento de <strong>Microsoft Teams<\/strong> o en una arquitectura paralela.<\/li>\n<li><strong>Garantice el cumplimiento y la migraci\u00f3n:<\/strong> si planea moverse entre SKU, tenga un plan t\u00e9cnico (permisos, directivas, MDM\/Entra ID) y comunicaci\u00f3n con los usuarios.<\/li>\n<\/ol>\n<p><strong>Consejo:<\/strong> En la pr\u00f3xima renovaci\u00f3n del contrato, vale la pena pedir al socio presupuestos variantes: &#8220;con Teams&#8221;, &#8220;sin Teams&#8221; y &#8220;mix&#8221; para distribuir de forma \u00f3ptima los costes entre los departamentos.<\/p>\n<p><strong>FAQ<\/strong><\/p>\n<ol>\n<li><strong> \u00bfNecesito migrar mis licencias actuales a partir del 1 de noviembre de 2025?<\/strong><br \/>No. Los cambios se refieren principalmente a <strong>nuevas compras<\/strong>. Los clientes existentes pueden mantener sus contratos actuales hasta el final del per\u00edodo de facturaci\u00f3n, y solo al renovar pueden elegir la variante de destino (con\/sin Teams + Teams independiente). Los detalles dependen de su contrato y canal de compra.<\/li>\n<li><strong> \u00bfPor qu\u00e9 Microsoft separa Teams de los paquetes?<\/strong><br \/>Esto forma parte de los acuerdos con la UE que refuerzan la <strong>competitividad y la interoperabilidad<\/strong>. Los clientes obtienen opciones reales y diferencias de precio transparentes entre SKU.<\/li>\n<li><strong> \u00bfEs este el final del caso antimonopolio en la UE?<\/strong><br \/>S\u00ed, la Comisi\u00f3n Europea ha aceptado los compromisos de Microsoft y ha <strong>cerrado el caso<\/strong> Teams. Esto aumenta la previsibilidad para los clientes que planean invertir en <strong>Microsoft Teams<\/strong>.<\/li>\n<\/ol>\n<p>\u00a0<\/p>\n<p>\ud83d\ude80 <strong>\u00bfQuieres obtener m\u00e1s informaci\u00f3n sobre las capacidades de las herramientas de Microsoft? <\/strong>Nuestro equipo de expertos estar\u00e1 encantado de responder a sus preguntas y ayudarle a elegir la soluci\u00f3n m\u00e1s ventajosa:<\/p>\n<p><strong>\ud83d\udcde <\/strong><a href=\"tel:+34%20917%2094%2025%2010\"><strong>+34 917 94 25 10<\/strong><\/a><\/p>\n<p><strong>\u00a0<\/strong><strong>\ud83d\udce7 microsoft@senetic.com <\/strong><\/p>\n<p>Tambi\u00e9n te invitamos a visitar nuestra p\u00e1gina web donde podr\u00e1s encontrar m\u00e1s informaci\u00f3n sobre los productos. Compru\u00e9belo y obtenga m\u00e1s informaci\u00f3n: <a href=\"https:\/\/www.senetic.es\/microsoft365\/\"><strong>MICROSOFT<\/strong><\/a><\/p>\n","protected":false},"excerpt":{"rendered":"<p>\u00a0 Microsoft ha anunciado modificaciones significativas en las licencias y la interoperabilidad de los paquetes de Microsoft Teams y Microsoft 365\/Office 365. Los cambios son el resultado de los compromisos asumidos por la Comisi\u00f3n Europea para aumentar la flexibilidad, la interoperabilidad y la portabilidad de datos para que los clientes puedan conectar m\u00e1s libremente Microsoft<\/p>\n","protected":false},"author":4,"featured_media":1187,"comment_status":"open","ping_status":"open","sticky":false,"template":"","format":"standard","meta":{"footnotes":""},"categories":[1,31],"tags":[5,53,51,83,35],"class_list":{"0":"post-1179","1":"post","2":"type-post","3":"status-publish","4":"format-standard","5":"has-post-thumbnail","7":"category-noticias","8":"category-office-365","9":"tag-microsoft","10":"tag-microsoft-365","11":"tag-microsoft-teams","12":"tag-modern-work","13":"tag-office-365"},"yoast_head":"<!-- This site is optimized with the Yoast SEO plugin v27.3 - https:\/\/yoast.com\/product\/yoast-seo-wordpress\/ -->\n<title>Cambios en las licencias de Microsoft Teams - Senetic Blog IT - Microsoft, Office 365, Azure, Ubiquiti, MikroTik<\/title>\n<meta name=\"description\" content=\"Microsoft ha anunciado modificaciones significativas en las licencias y la interoperabilidad de los paquetes de Microsoft Teams y Microsoft 365\/Office 365.\" \/>\n<meta name=\"robots\" content=\"index, follow, max-snippet:-1, max-image-preview:large, max-video-preview:-1\" \/>\n<link rel=\"canonical\" href=\"https:\/\/www.senetic.es\/blog\/1179,cambios-en-las-licencias-de-microsoft-teams\/\" \/>\n<meta property=\"og:locale\" content=\"es_ES\" \/>\n<meta property=\"og:type\" content=\"article\" \/>\n<meta property=\"og:title\" content=\"Cambios en las licencias de Microsoft Teams - Senetic Blog IT - Microsoft, Office 365, Azure, Ubiquiti, MikroTik\" \/>\n<meta property=\"og:description\" content=\"Microsoft ha anunciado modificaciones significativas en las licencias y la interoperabilidad de los paquetes de Microsoft Teams y Microsoft 365\/Office 365.\" \/>\n<meta property=\"og:url\" content=\"https:\/\/www.senetic.es\/blog\/1179,cambios-en-las-licencias-de-microsoft-teams\/\" \/>\n<meta property=\"og:site_name\" content=\"Senetic Blog IT - Microsoft, Office 365, Azure, Ubiquiti, MikroTik\" \/>\n<meta property=\"article:published_time\" content=\"2025-10-28T11:09:13+00:00\" \/>\n<meta property=\"article:modified_time\" content=\"2025-10-28T11:09:14+00:00\" \/>\n<meta property=\"og:image\" content=\"https:\/\/www.senetic.es\/blog\/app\/uploads\/2025\/10\/Microsoft-Teams-4-1.png\" \/>\n\t<meta property=\"og:image:width\" content=\"1200\" \/>\n\t<meta property=\"og:image:height\" content=\"800\" \/>\n\t<meta property=\"og:image:type\" content=\"image\/png\" \/>\n<meta name=\"author\" content=\"Joanna Muszy\u0144ska\" \/>\n<meta name=\"twitter:card\" content=\"summary_large_image\" \/>\n<meta name=\"twitter:label1\" content=\"Written by\" \/>\n\t<meta name=\"twitter:data1\" content=\"Joanna Muszy\u0144ska\" \/>\n\t<meta name=\"twitter:label2\" content=\"Est. reading time\" \/>\n\t<meta name=\"twitter:data2\" content=\"4 minutes\" \/>\n<script type=\"application\/ld+json\" class=\"yoast-schema-graph\">{\"@context\":\"https:\\\/\\\/schema.org\",\"@graph\":[{\"@type\":\"Article\",\"@id\":\"https:\\\/\\\/www.senetic.es\\\/blog\\\/1179,cambios-en-las-licencias-de-microsoft-teams\\\/#article\",\"isPartOf\":{\"@id\":\"https:\\\/\\\/www.senetic.es\\\/blog\\\/1179,cambios-en-las-licencias-de-microsoft-teams\\\/\"},\"author\":{\"name\":\"Joanna Muszy\u0144ska\",\"@id\":\"https:\\\/\\\/www.senetic.es\\\/blog\\\/#\\\/schema\\\/person\\\/1f0e6a078a3fee21c69d51d16b69bf5e\"},\"headline\":\"Cambios en las licencias de Microsoft Teams\",\"datePublished\":\"2025-10-28T11:09:13+00:00\",\"dateModified\":\"2025-10-28T11:09:14+00:00\",\"mainEntityOfPage\":{\"@id\":\"https:\\\/\\\/www.senetic.es\\\/blog\\\/1179,cambios-en-las-licencias-de-microsoft-teams\\\/\"},\"wordCount\":766,\"commentCount\":0,\"image\":{\"@id\":\"https:\\\/\\\/www.senetic.es\\\/blog\\\/1179,cambios-en-las-licencias-de-microsoft-teams\\\/#primaryimage\"},\"thumbnailUrl\":\"https:\\\/\\\/www.senetic.es\\\/blog\\\/app\\\/uploads\\\/2025\\\/10\\\/Microsoft-Teams-4-1.png\",\"keywords\":[\"Microsoft\",\"Microsoft 365\",\"microsoft teams\",\"Modern work\",\"Office 365\"],\"articleSection\":[\"Noticias\",\"Office 365\"],\"inLanguage\":\"es-ES\",\"potentialAction\":[{\"@type\":\"CommentAction\",\"name\":\"Comment\",\"target\":[\"https:\\\/\\\/www.senetic.es\\\/blog\\\/1179,cambios-en-las-licencias-de-microsoft-teams\\\/#respond\"]}]},{\"@type\":\"WebPage\",\"@id\":\"https:\\\/\\\/www.senetic.es\\\/blog\\\/1179,cambios-en-las-licencias-de-microsoft-teams\\\/\",\"url\":\"https:\\\/\\\/www.senetic.es\\\/blog\\\/1179,cambios-en-las-licencias-de-microsoft-teams\\\/\",\"name\":\"Cambios en las licencias de Microsoft Teams - Senetic Blog IT - Microsoft, Office 365, Azure, Ubiquiti, MikroTik\",\"isPartOf\":{\"@id\":\"https:\\\/\\\/www.senetic.es\\\/blog\\\/#website\"},\"primaryImageOfPage\":{\"@id\":\"https:\\\/\\\/www.senetic.es\\\/blog\\\/1179,cambios-en-las-licencias-de-microsoft-teams\\\/#primaryimage\"},\"image\":{\"@id\":\"https:\\\/\\\/www.senetic.es\\\/blog\\\/1179,cambios-en-las-licencias-de-microsoft-teams\\\/#primaryimage\"},\"thumbnailUrl\":\"https:\\\/\\\/www.senetic.es\\\/blog\\\/app\\\/uploads\\\/2025\\\/10\\\/Microsoft-Teams-4-1.png\",\"datePublished\":\"2025-10-28T11:09:13+00:00\",\"dateModified\":\"2025-10-28T11:09:14+00:00\",\"author\":{\"@id\":\"https:\\\/\\\/www.senetic.es\\\/blog\\\/#\\\/schema\\\/person\\\/1f0e6a078a3fee21c69d51d16b69bf5e\"},\"description\":\"Microsoft ha anunciado modificaciones significativas en las licencias y la interoperabilidad de los paquetes de Microsoft Teams y Microsoft 365\\\/Office 365.\",\"inLanguage\":\"es-ES\",\"potentialAction\":[{\"@type\":\"ReadAction\",\"target\":[\"https:\\\/\\\/www.senetic.es\\\/blog\\\/1179,cambios-en-las-licencias-de-microsoft-teams\\\/\"]}]},{\"@type\":\"ImageObject\",\"inLanguage\":\"es-ES\",\"@id\":\"https:\\\/\\\/www.senetic.es\\\/blog\\\/1179,cambios-en-las-licencias-de-microsoft-teams\\\/#primaryimage\",\"url\":\"https:\\\/\\\/www.senetic.es\\\/blog\\\/app\\\/uploads\\\/2025\\\/10\\\/Microsoft-Teams-4-1.png\",\"contentUrl\":\"https:\\\/\\\/www.senetic.es\\\/blog\\\/app\\\/uploads\\\/2025\\\/10\\\/Microsoft-Teams-4-1.png\",\"width\":1200,\"height\":800},{\"@type\":\"WebSite\",\"@id\":\"https:\\\/\\\/www.senetic.es\\\/blog\\\/#website\",\"url\":\"https:\\\/\\\/www.senetic.es\\\/blog\\\/\",\"name\":\"Senetic Blog IT - Microsoft, Office 365, Azure, Ubiquiti, MikroTik\",\"description\":\"\",\"potentialAction\":[{\"@type\":\"SearchAction\",\"target\":{\"@type\":\"EntryPoint\",\"urlTemplate\":\"https:\\\/\\\/www.senetic.es\\\/blog\\\/?s={search_term_string}\"},\"query-input\":{\"@type\":\"PropertyValueSpecification\",\"valueRequired\":true,\"valueName\":\"search_term_string\"}}],\"inLanguage\":\"es-ES\"},{\"@type\":\"Person\",\"@id\":\"https:\\\/\\\/www.senetic.es\\\/blog\\\/#\\\/schema\\\/person\\\/1f0e6a078a3fee21c69d51d16b69bf5e\",\"name\":\"Joanna Muszy\u0144ska\",\"image\":{\"@type\":\"ImageObject\",\"inLanguage\":\"es-ES\",\"@id\":\"https:\\\/\\\/secure.gravatar.com\\\/avatar\\\/6ec4b9d381fedd1a75c371ef4525facb5bc3ac88743bca79b83df77408a4c803?s=96&d=mm&r=g\",\"url\":\"https:\\\/\\\/secure.gravatar.com\\\/avatar\\\/6ec4b9d381fedd1a75c371ef4525facb5bc3ac88743bca79b83df77408a4c803?s=96&d=mm&r=g\",\"contentUrl\":\"https:\\\/\\\/secure.gravatar.com\\\/avatar\\\/6ec4b9d381fedd1a75c371ef4525facb5bc3ac88743bca79b83df77408a4c803?s=96&d=mm&r=g\",\"caption\":\"Joanna Muszy\u0144ska\"},\"description\":\"Microsoft Marketing ManagerCon m\u00e1s de 15 a\u00f1os de experiencia, ha trabajado en periodismo, marketing y relaciones p\u00fablicas, acumulando experiencia en diversas industrias. Se siente m\u00e1s c\u00f3modo en el marketing B2B, en el sector de TI y en la descripci\u00f3n de nuevas tecnolog\u00edas al servicio de los negocios. En su tiempo libre recarga energ\u00edas en las monta\u00f1as, en bicicleta o en el gimnasio animando al equipo local de baloncesto.\",\"sameAs\":[\"https:\\\/\\\/www.linkedin.com\\\/in\\\/joanna-muszy\u0144ska-321b0973\\\/\"],\"url\":\"https:\\\/\\\/www.senetic.es\\\/blog\\\/author\\\/joanna\\\/\"}]}<\/script>\n<!-- \/ Yoast SEO plugin. -->","yoast_head_json":{"title":"Cambios en las licencias de Microsoft Teams - Senetic Blog IT - Microsoft, Office 365, Azure, Ubiquiti, MikroTik","description":"Microsoft ha anunciado modificaciones significativas en las licencias y la interoperabilidad de los paquetes de Microsoft Teams y Microsoft 365\/Office 365.","robots":{"index":"index","follow":"follow","max-snippet":"max-snippet:-1","max-image-preview":"max-image-preview:large","max-video-preview":"max-video-preview:-1"},"canonical":"https:\/\/www.senetic.es\/blog\/1179,cambios-en-las-licencias-de-microsoft-teams\/","og_locale":"es_ES","og_type":"article","og_title":"Cambios en las licencias de Microsoft Teams - Senetic Blog IT - Microsoft, Office 365, Azure, Ubiquiti, MikroTik","og_description":"Microsoft ha anunciado modificaciones significativas en las licencias y la interoperabilidad de los paquetes de Microsoft Teams y Microsoft 365\/Office 365.","og_url":"https:\/\/www.senetic.es\/blog\/1179,cambios-en-las-licencias-de-microsoft-teams\/","og_site_name":"Senetic Blog IT - Microsoft, Office 365, Azure, Ubiquiti, MikroTik","article_published_time":"2025-10-28T11:09:13+00:00","article_modified_time":"2025-10-28T11:09:14+00:00","og_image":[{"width":1200,"height":800,"url":"https:\/\/www.senetic.es\/blog\/app\/uploads\/2025\/10\/Microsoft-Teams-4-1.png","type":"image\/png"}],"author":"Joanna Muszy\u0144ska","twitter_card":"summary_large_image","twitter_misc":{"Written by":"Joanna Muszy\u0144ska","Est. reading time":"4 minutes"},"schema":{"@context":"https:\/\/schema.org","@graph":[{"@type":"Article","@id":"https:\/\/www.senetic.es\/blog\/1179,cambios-en-las-licencias-de-microsoft-teams\/#article","isPartOf":{"@id":"https:\/\/www.senetic.es\/blog\/1179,cambios-en-las-licencias-de-microsoft-teams\/"},"author":{"name":"Joanna Muszy\u0144ska","@id":"https:\/\/www.senetic.es\/blog\/#\/schema\/person\/1f0e6a078a3fee21c69d51d16b69bf5e"},"headline":"Cambios en las licencias de Microsoft Teams","datePublished":"2025-10-28T11:09:13+00:00","dateModified":"2025-10-28T11:09:14+00:00","mainEntityOfPage":{"@id":"https:\/\/www.senetic.es\/blog\/1179,cambios-en-las-licencias-de-microsoft-teams\/"},"wordCount":766,"commentCount":0,"image":{"@id":"https:\/\/www.senetic.es\/blog\/1179,cambios-en-las-licencias-de-microsoft-teams\/#primaryimage"},"thumbnailUrl":"https:\/\/www.senetic.es\/blog\/app\/uploads\/2025\/10\/Microsoft-Teams-4-1.png","keywords":["Microsoft","Microsoft 365","microsoft teams","Modern work","Office 365"],"articleSection":["Noticias","Office 365"],"inLanguage":"es-ES","potentialAction":[{"@type":"CommentAction","name":"Comment","target":["https:\/\/www.senetic.es\/blog\/1179,cambios-en-las-licencias-de-microsoft-teams\/#respond"]}]},{"@type":"WebPage","@id":"https:\/\/www.senetic.es\/blog\/1179,cambios-en-las-licencias-de-microsoft-teams\/","url":"https:\/\/www.senetic.es\/blog\/1179,cambios-en-las-licencias-de-microsoft-teams\/","name":"Cambios en las licencias de Microsoft Teams - Senetic Blog IT - Microsoft, Office 365, Azure, Ubiquiti, MikroTik","isPartOf":{"@id":"https:\/\/www.senetic.es\/blog\/#website"},"primaryImageOfPage":{"@id":"https:\/\/www.senetic.es\/blog\/1179,cambios-en-las-licencias-de-microsoft-teams\/#primaryimage"},"image":{"@id":"https:\/\/www.senetic.es\/blog\/1179,cambios-en-las-licencias-de-microsoft-teams\/#primaryimage"},"thumbnailUrl":"https:\/\/www.senetic.es\/blog\/app\/uploads\/2025\/10\/Microsoft-Teams-4-1.png","datePublished":"2025-10-28T11:09:13+00:00","dateModified":"2025-10-28T11:09:14+00:00","author":{"@id":"https:\/\/www.senetic.es\/blog\/#\/schema\/person\/1f0e6a078a3fee21c69d51d16b69bf5e"},"description":"Microsoft ha anunciado modificaciones significativas en las licencias y la interoperabilidad de los paquetes de Microsoft Teams y Microsoft 365\/Office 365.","inLanguage":"es-ES","potentialAction":[{"@type":"ReadAction","target":["https:\/\/www.senetic.es\/blog\/1179,cambios-en-las-licencias-de-microsoft-teams\/"]}]},{"@type":"ImageObject","inLanguage":"es-ES","@id":"https:\/\/www.senetic.es\/blog\/1179,cambios-en-las-licencias-de-microsoft-teams\/#primaryimage","url":"https:\/\/www.senetic.es\/blog\/app\/uploads\/2025\/10\/Microsoft-Teams-4-1.png","contentUrl":"https:\/\/www.senetic.es\/blog\/app\/uploads\/2025\/10\/Microsoft-Teams-4-1.png","width":1200,"height":800},{"@type":"WebSite","@id":"https:\/\/www.senetic.es\/blog\/#website","url":"https:\/\/www.senetic.es\/blog\/","name":"Senetic Blog IT - Microsoft, Office 365, Azure, Ubiquiti, MikroTik","description":"","potentialAction":[{"@type":"SearchAction","target":{"@type":"EntryPoint","urlTemplate":"https:\/\/www.senetic.es\/blog\/?s={search_term_string}"},"query-input":{"@type":"PropertyValueSpecification","valueRequired":true,"valueName":"search_term_string"}}],"inLanguage":"es-ES"},{"@type":"Person","@id":"https:\/\/www.senetic.es\/blog\/#\/schema\/person\/1f0e6a078a3fee21c69d51d16b69bf5e","name":"Joanna Muszy\u0144ska","image":{"@type":"ImageObject","inLanguage":"es-ES","@id":"https:\/\/secure.gravatar.com\/avatar\/6ec4b9d381fedd1a75c371ef4525facb5bc3ac88743bca79b83df77408a4c803?s=96&d=mm&r=g","url":"https:\/\/secure.gravatar.com\/avatar\/6ec4b9d381fedd1a75c371ef4525facb5bc3ac88743bca79b83df77408a4c803?s=96&d=mm&r=g","contentUrl":"https:\/\/secure.gravatar.com\/avatar\/6ec4b9d381fedd1a75c371ef4525facb5bc3ac88743bca79b83df77408a4c803?s=96&d=mm&r=g","caption":"Joanna Muszy\u0144ska"},"description":"Microsoft Marketing ManagerCon m\u00e1s de 15 a\u00f1os de experiencia, ha trabajado en periodismo, marketing y relaciones p\u00fablicas, acumulando experiencia en diversas industrias. Se siente m\u00e1s c\u00f3modo en el marketing B2B, en el sector de TI y en la descripci\u00f3n de nuevas tecnolog\u00edas al servicio de los negocios. En su tiempo libre recarga energ\u00edas en las monta\u00f1as, en bicicleta o en el gimnasio animando al equipo local de baloncesto.","sameAs":["https:\/\/www.linkedin.com\/in\/joanna-muszy\u0144ska-321b0973\/"],"url":"https:\/\/www.senetic.es\/blog\/author\/joanna\/"}]}},"_links":{"self":[{"href":"https:\/\/www.senetic.es\/blog\/wp-json\/wp\/v2\/posts\/1179","targetHints":{"allow":["GET"]}}],"collection":[{"href":"https:\/\/www.senetic.es\/blog\/wp-json\/wp\/v2\/posts"}],"about":[{"href":"https:\/\/www.senetic.es\/blog\/wp-json\/wp\/v2\/types\/post"}],"author":[{"embeddable":true,"href":"https:\/\/www.senetic.es\/blog\/wp-json\/wp\/v2\/users\/4"}],"replies":[{"embeddable":true,"href":"https:\/\/www.senetic.es\/blog\/wp-json\/wp\/v2\/comments?post=1179"}],"version-history":[{"count":3,"href":"https:\/\/www.senetic.es\/blog\/wp-json\/wp\/v2\/posts\/1179\/revisions"}],"predecessor-version":[{"id":1188,"href":"https:\/\/www.senetic.es\/blog\/wp-json\/wp\/v2\/posts\/1179\/revisions\/1188"}],"wp:featuredmedia":[{"embeddable":true,"href":"https:\/\/www.senetic.es\/blog\/wp-json\/wp\/v2\/media\/1187"}],"wp:attachment":[{"href":"https:\/\/www.senetic.es\/blog\/wp-json\/wp\/v2\/media?parent=1179"}],"wp:term":[{"taxonomy":"category","embeddable":true,"href":"https:\/\/www.senetic.es\/blog\/wp-json\/wp\/v2\/categories?post=1179"},{"taxonomy":"post_tag","embeddable":true,"href":"https:\/\/www.senetic.es\/blog\/wp-json\/wp\/v2\/tags?post=1179"}],"curies":[{"name":"wp","href":"https:\/\/api.w.org\/{rel}","templated":true}]}}